{"id":799,"date":"2018-04-02T14:57:13","date_gmt":"2018-04-02T14:57:13","guid":{"rendered":"https:\/\/www.eimpsa.com\/web\/?p=799"},"modified":"2018-04-03T12:42:09","modified_gmt":"2018-04-03T12:42:09","slug":"feria-industrial-eimpsa-en-cartagena-2018","status":"publish","type":"post","link":"https:\/\/www.eimpsa.com\/web\/feria-industrial-eimpsa-en-cartagena-2018\/","title":{"rendered":"Feria Industrial Eimpsa en Cartagena 2018"},"content":{"rendered":"<h2 style=\"text-align: center;\"><strong>Feria Industrial de Cartage<\/strong>na<\/h2>\n<p>&nbsp;<\/p>\n<p><img loading=\"lazy\" decoding=\"async\" class=\" wp-image-800 aligncenter\" src=\"https:\/\/www.eimpsa.com\/web\/wp-content\/uploads\/2018\/04\/Programaci\u00f3n-Feria-Industrial-de-Cartagena-01-01-01-01-1024x791.jpg\" alt=\"\" width=\"771\" height=\"596\" srcset=\"https:\/\/www.eimpsa.com\/web\/wp-content\/uploads\/2018\/04\/Programaci\u00f3n-Feria-Industrial-de-Cartagena-01-01-01-01-1024x791.jpg 1024w, https:\/\/www.eimpsa.com\/web\/wp-content\/uploads\/2018\/04\/Programaci\u00f3n-Feria-Industrial-de-Cartagena-01-01-01-01-600x464.jpg 600w, https:\/\/www.eimpsa.com\/web\/wp-content\/uploads\/2018\/04\/Programaci\u00f3n-Feria-Industrial-de-Cartagena-01-01-01-01-300x232.jpg 300w, https:\/\/www.eimpsa.com\/web\/wp-content\/uploads\/2018\/04\/Programaci\u00f3n-Feria-Industrial-de-Cartagena-01-01-01-01-768x593.jpg 768w, https:\/\/www.eimpsa.com\/web\/wp-content\/uploads\/2018\/04\/Programaci\u00f3n-Feria-Industrial-de-Cartagena-01-01-01-01.jpg 1650w\" sizes=\"auto, (max-width: 771px) 100vw, 771px\" \/><\/p>\n<p>Para Eimpsa es muy importante que nuestros clientes est\u00e9n actualizados en las tendencias del sector el\u00e9ctrico en Colombia y el mundo. Esto hace que est\u00e9n a la vanguardia de la tecnolog\u00eda y conozcan lo que como empresas pueden ofrecer al exigente mercado de la actualidad.<\/p>\n<p>Por lo anterior tendremos el pr\u00f3ximo jueves 12 de abril de 2018, la <strong><em>Feria Industrial Eimpsa en Cartagena<\/em><\/strong> en donde especialistas de las mejores marcas presentar\u00e1n las novedades el\u00e9ctricas para el sector, interactuando con nuestros visitantes y aclarando las dudas sobre las diferentes soluciones que ofrecemos a la industria aplicadas a su empresa.<\/p>\n<p>Tendremos jornada de capacitaci\u00f3n y muestra de portafolio.<\/p>\n<p><strong><em>Por el Crecimiento Industrial del Caribe<\/em><\/strong><\/p>\n<p>Entrada gratis!<\/p>\n<p>Inscripci\u00f3nes: ventasbq@eimpsa.com.co\u00a0 Tel: (5) 370 9044<\/p>\n<p>&nbsp;<\/p>\n<p><strong><em>Invitan:<\/em><\/strong><\/p>\n<p><strong><em>Siemens \u2013 Panduit \u2013 Phoenix Contact \u2013 Procables \u2013 Sylvania<\/em><\/strong><\/p>\n<p><strong>Lugar:<\/strong>\u00a0Centro Empresarial Comfenalco Mamonal.\u00a0\u00a0Cartagena \u2013 Colombia<\/p>\n<p><strong>Fecha:<\/strong>\u00a0Jueves 12 de abril de 2018<\/p>\n<p><strong>Hora:<\/strong>\u00a0De 8am a 5pm<\/p>\n<p>Visits: 8<\/p>","protected":false},"excerpt":{"rendered":"<p>Feria Industrial de Cartagena &nbsp; Para Eimpsa es muy importante que nuestros clientes est\u00e9n actualizados en las tendencias del sector el\u00e9ctrico en Colombia y el mundo. Esto hace que est\u00e9n a la vanguardia de la tecnolog\u00eda y conozcan lo que como empresas pueden ofrecer al exigente mercado de la actualidad. Por lo anterior tendremos el [&hellip;]<\/p>\n","protected":false},"author":4,"featured_media":800,"comment_status":"open","ping_status":"open","sticky":false,"template":"","format":"standard","meta":{"footnotes":""},"categories":[1],"tags":[],"class_list":["post-799","post","type-post","status-publish","format-standard","has-post-thumbnail","hentry","category-sin-categoria"],"yoast_head":"<!-- This site is optimized with the Yoast SEO plugin v27.5 - https:\/\/yoast.com\/product\/yoast-seo-wordpress\/ -->\n<title>Eventos EIMPSA<\/title>\n<meta name=\"description\" content=\"Feria Industrial Eimpsa en Cartagena 2018\" \/>\n<meta name=\"robots\" content=\"index, follow, max-snippet:-1, max-image-preview:large, max-video-preview:-1\" \/>\n<link rel=\"canonical\" href=\"https:\/\/www.eimpsa.com\/web\/feria-industrial-eimpsa-en-cartagena-2018\/\" \/>\n<meta property=\"og:locale\" content=\"es_ES\" \/>\n<meta property=\"og:type\" content=\"article\" \/>\n<meta property=\"og:title\" content=\"Eventos EIMPSA\" \/>\n<meta property=\"og:description\" content=\"Feria Industrial Eimpsa en Cartagena 2018\" \/>\n<meta property=\"og:url\" content=\"https:\/\/www.eimpsa.com\/web\/feria-industrial-eimpsa-en-cartagena-2018\/\" \/>\n<meta property=\"og:site_name\" content=\"Electricos Importados\" \/>\n<meta property=\"article:publisher\" content=\"https:\/\/www.facebook.com\/eimpsa\/\" \/>\n<meta property=\"article:published_time\" content=\"2018-04-02T14:57:13+00:00\" \/>\n<meta property=\"article:modified_time\" content=\"2018-04-03T12:42:09+00:00\" \/>\n<meta property=\"og:image\" content=\"https:\/\/www.eimpsa.com\/web\/wp-content\/uploads\/2018\/04\/Programaci\u00f3n-Feria-Industrial-de-Cartagena-01-01-01-01.jpg\" \/>\n\t<meta property=\"og:image:width\" content=\"1650\" \/>\n\t<meta property=\"og:image:height\" content=\"1275\" \/>\n\t<meta property=\"og:image:type\" content=\"image\/jpeg\" \/>\n<meta name=\"author\" content=\"Eduardo Eimpsa\" \/>\n<meta name=\"twitter:card\" content=\"summary_large_image\" \/>\n<meta name=\"twitter:label1\" content=\"Escrito por\" \/>\n\t<meta name=\"twitter:data1\" content=\"Eduardo Eimpsa\" \/>\n\t<meta name=\"twitter:label2\" content=\"Tiempo de lectura\" \/>\n\t<meta name=\"twitter:data2\" content=\"1 minuto\" \/>\n<script type=\"application\/ld+json\" class=\"yoast-schema-graph\">{\"@context\":\"https:\\\/\\\/schema.org\",\"@graph\":[{\"@type\":\"Article\",\"@id\":\"https:\\\/\\\/www.eimpsa.com\\\/web\\\/feria-industrial-eimpsa-en-cartagena-2018\\\/#article\",\"isPartOf\":{\"@id\":\"https:\\\/\\\/www.eimpsa.com\\\/web\\\/feria-industrial-eimpsa-en-cartagena-2018\\\/\"},\"author\":{\"name\":\"Eduardo Eimpsa\",\"@id\":\"https:\\\/\\\/www.eimpsa.com\\\/web\\\/#\\\/schema\\\/person\\\/d033f5233a145f64573eeb1669f64f32\"},\"headline\":\"Feria Industrial Eimpsa en Cartagena 2018\",\"datePublished\":\"2018-04-02T14:57:13+00:00\",\"dateModified\":\"2018-04-03T12:42:09+00:00\",\"mainEntityOfPage\":{\"@id\":\"https:\\\/\\\/www.eimpsa.com\\\/web\\\/feria-industrial-eimpsa-en-cartagena-2018\\\/\"},\"wordCount\":162,\"commentCount\":0,\"publisher\":{\"@id\":\"https:\\\/\\\/www.eimpsa.com\\\/web\\\/#organization\"},\"image\":{\"@id\":\"https:\\\/\\\/www.eimpsa.com\\\/web\\\/feria-industrial-eimpsa-en-cartagena-2018\\\/#primaryimage\"},\"thumbnailUrl\":\"https:\\\/\\\/www.eimpsa.com\\\/web\\\/wp-content\\\/uploads\\\/2018\\\/04\\\/Programaci\u00f3n-Feria-Industrial-de-Cartagena-01-01-01-01.jpg\",\"inLanguage\":\"es\",\"potentialAction\":[{\"@type\":\"CommentAction\",\"name\":\"Comment\",\"target\":[\"https:\\\/\\\/www.eimpsa.com\\\/web\\\/feria-industrial-eimpsa-en-cartagena-2018\\\/#respond\"]}]},{\"@type\":\"WebPage\",\"@id\":\"https:\\\/\\\/www.eimpsa.com\\\/web\\\/feria-industrial-eimpsa-en-cartagena-2018\\\/\",\"url\":\"https:\\\/\\\/www.eimpsa.com\\\/web\\\/feria-industrial-eimpsa-en-cartagena-2018\\\/\",\"name\":\"Eventos EIMPSA\",\"isPartOf\":{\"@id\":\"https:\\\/\\\/www.eimpsa.com\\\/web\\\/#website\"},\"primaryImageOfPage\":{\"@id\":\"https:\\\/\\\/www.eimpsa.com\\\/web\\\/feria-industrial-eimpsa-en-cartagena-2018\\\/#primaryimage\"},\"image\":{\"@id\":\"https:\\\/\\\/www.eimpsa.com\\\/web\\\/feria-industrial-eimpsa-en-cartagena-2018\\\/#primaryimage\"},\"thumbnailUrl\":\"https:\\\/\\\/www.eimpsa.com\\\/web\\\/wp-content\\\/uploads\\\/2018\\\/04\\\/Programaci\u00f3n-Feria-Industrial-de-Cartagena-01-01-01-01.jpg\",\"datePublished\":\"2018-04-02T14:57:13+00:00\",\"dateModified\":\"2018-04-03T12:42:09+00:00\",\"description\":\"Feria Industrial Eimpsa en Cartagena 2018\",\"breadcrumb\":{\"@id\":\"https:\\\/\\\/www.eimpsa.com\\\/web\\\/feria-industrial-eimpsa-en-cartagena-2018\\\/#breadcrumb\"},\"inLanguage\":\"es\",\"potentialAction\":[{\"@type\":\"ReadAction\",\"target\":[\"https:\\\/\\\/www.eimpsa.com\\\/web\\\/feria-industrial-eimpsa-en-cartagena-2018\\\/\"]}]},{\"@type\":\"ImageObject\",\"inLanguage\":\"es\",\"@id\":\"https:\\\/\\\/www.eimpsa.com\\\/web\\\/feria-industrial-eimpsa-en-cartagena-2018\\\/#primaryimage\",\"url\":\"https:\\\/\\\/www.eimpsa.com\\\/web\\\/wp-content\\\/uploads\\\/2018\\\/04\\\/Programaci\u00f3n-Feria-Industrial-de-Cartagena-01-01-01-01.jpg\",\"contentUrl\":\"https:\\\/\\\/www.eimpsa.com\\\/web\\\/wp-content\\\/uploads\\\/2018\\\/04\\\/Programaci\u00f3n-Feria-Industrial-de-Cartagena-01-01-01-01.jpg\",\"width\":1650,\"height\":1275,\"caption\":\"Feria Industrial de Cartagena EIMPSA\"},{\"@type\":\"BreadcrumbList\",\"@id\":\"https:\\\/\\\/www.eimpsa.com\\\/web\\\/feria-industrial-eimpsa-en-cartagena-2018\\\/#breadcrumb\",\"itemListElement\":[{\"@type\":\"ListItem\",\"position\":1,\"name\":\"Portada\",\"item\":\"https:\\\/\\\/www.eimpsa.com\\\/web\\\/\"},{\"@type\":\"ListItem\",\"position\":2,\"name\":\"Feria Industrial Eimpsa en Cartagena 2018\"}]},{\"@type\":\"WebSite\",\"@id\":\"https:\\\/\\\/www.eimpsa.com\\\/web\\\/#website\",\"url\":\"https:\\\/\\\/www.eimpsa.com\\\/web\\\/\",\"name\":\"EIMPSA Electricos Importados\",\"description\":\"Materiales El\u00e9ctricos\",\"publisher\":{\"@id\":\"https:\\\/\\\/www.eimpsa.com\\\/web\\\/#organization\"},\"alternateName\":\"eimpsa\",\"potentialAction\":[{\"@type\":\"SearchAction\",\"target\":{\"@type\":\"EntryPoint\",\"urlTemplate\":\"https:\\\/\\\/www.eimpsa.com\\\/web\\\/?s={search_term_string}\"},\"query-input\":{\"@type\":\"PropertyValueSpecification\",\"valueRequired\":true,\"valueName\":\"search_term_string\"}}],\"inLanguage\":\"es\"},{\"@type\":\"Organization\",\"@id\":\"https:\\\/\\\/www.eimpsa.com\\\/web\\\/#organization\",\"name\":\"EIMPSA El\u00e9ctricos Importados S.A.S\",\"url\":\"https:\\\/\\\/www.eimpsa.com\\\/web\\\/\",\"logo\":{\"@type\":\"ImageObject\",\"inLanguage\":\"es\",\"@id\":\"https:\\\/\\\/www.eimpsa.com\\\/web\\\/#\\\/schema\\\/logo\\\/image\\\/\",\"url\":\"https:\\\/\\\/www.eimpsa.com\\\/web\\\/wp-content\\\/uploads\\\/2023\\\/10\\\/EIMPSA-Versiones-RGB_Base.png\",\"contentUrl\":\"https:\\\/\\\/www.eimpsa.com\\\/web\\\/wp-content\\\/uploads\\\/2023\\\/10\\\/EIMPSA-Versiones-RGB_Base.png\",\"width\":1471,\"height\":473,\"caption\":\"EIMPSA El\u00e9ctricos Importados S.A.S\"},\"image\":{\"@id\":\"https:\\\/\\\/www.eimpsa.com\\\/web\\\/#\\\/schema\\\/logo\\\/image\\\/\"},\"sameAs\":[\"https:\\\/\\\/www.facebook.com\\\/eimpsa\\\/\",\"https:\\\/\\\/www.linkedin.com\\\/company\\\/el-ctricos-importados-s-a-\\\/\",\"https:\\\/\\\/www.youtube.com\\\/channel\\\/UCaCHlQ9m86kFaeAq_dMUOHg?view_as=subscriber\",\"https:\\\/\\\/www.instagram.com\\\/eimpsa_electricos_importados\\\/\"]},{\"@type\":\"Person\",\"@id\":\"https:\\\/\\\/www.eimpsa.com\\\/web\\\/#\\\/schema\\\/person\\\/d033f5233a145f64573eeb1669f64f32\",\"name\":\"Eduardo Eimpsa\",\"image\":{\"@type\":\"ImageObject\",\"inLanguage\":\"es\",\"@id\":\"https:\\\/\\\/secure.gravatar.com\\\/avatar\\\/2eed249432c73a50c1791bce7fb2797d27677b3e81d64ca340b757e39ad6c006?s=96&d=mm&r=g\",\"url\":\"https:\\\/\\\/secure.gravatar.com\\\/avatar\\\/2eed249432c73a50c1791bce7fb2797d27677b3e81d64ca340b757e39ad6c006?s=96&d=mm&r=g\",\"contentUrl\":\"https:\\\/\\\/secure.gravatar.com\\\/avatar\\\/2eed249432c73a50c1791bce7fb2797d27677b3e81d64ca340b757e39ad6c006?s=96&d=mm&r=g\",\"caption\":\"Eduardo Eimpsa\"},\"url\":\"https:\\\/\\\/www.eimpsa.com\\\/web\\\/author\\\/eduardo2018\\\/\"}]}<\/script>\n<!-- \/ Yoast SEO plugin. -->","yoast_head_json":{"title":"Eventos EIMPSA","description":"Feria Industrial Eimpsa en Cartagena 2018","robots":{"index":"index","follow":"follow","max-snippet":"max-snippet:-1","max-image-preview":"max-image-preview:large","max-video-preview":"max-video-preview:-1"},"canonical":"https:\/\/www.eimpsa.com\/web\/feria-industrial-eimpsa-en-cartagena-2018\/","og_locale":"es_ES","og_type":"article","og_title":"Eventos EIMPSA","og_description":"Feria Industrial Eimpsa en Cartagena 2018","og_url":"https:\/\/www.eimpsa.com\/web\/feria-industrial-eimpsa-en-cartagena-2018\/","og_site_name":"Electricos Importados","article_publisher":"https:\/\/www.facebook.com\/eimpsa\/","article_published_time":"2018-04-02T14:57:13+00:00","article_modified_time":"2018-04-03T12:42:09+00:00","og_image":[{"width":1650,"height":1275,"url":"https:\/\/www.eimpsa.com\/web\/wp-content\/uploads\/2018\/04\/Programaci\u00f3n-Feria-Industrial-de-Cartagena-01-01-01-01.jpg","type":"image\/jpeg"}],"author":"Eduardo Eimpsa","twitter_card":"summary_large_image","twitter_misc":{"Escrito por":"Eduardo Eimpsa","Tiempo de lectura":"1 minuto"},"schema":{"@context":"https:\/\/schema.org","@graph":[{"@type":"Article","@id":"https:\/\/www.eimpsa.com\/web\/feria-industrial-eimpsa-en-cartagena-2018\/#article","isPartOf":{"@id":"https:\/\/www.eimpsa.com\/web\/feria-industrial-eimpsa-en-cartagena-2018\/"},"author":{"name":"Eduardo Eimpsa","@id":"https:\/\/www.eimpsa.com\/web\/#\/schema\/person\/d033f5233a145f64573eeb1669f64f32"},"headline":"Feria Industrial Eimpsa en Cartagena 2018","datePublished":"2018-04-02T14:57:13+00:00","dateModified":"2018-04-03T12:42:09+00:00","mainEntityOfPage":{"@id":"https:\/\/www.eimpsa.com\/web\/feria-industrial-eimpsa-en-cartagena-2018\/"},"wordCount":162,"commentCount":0,"publisher":{"@id":"https:\/\/www.eimpsa.com\/web\/#organization"},"image":{"@id":"https:\/\/www.eimpsa.com\/web\/feria-industrial-eimpsa-en-cartagena-2018\/#primaryimage"},"thumbnailUrl":"https:\/\/www.eimpsa.com\/web\/wp-content\/uploads\/2018\/04\/Programaci\u00f3n-Feria-Industrial-de-Cartagena-01-01-01-01.jpg","inLanguage":"es","potentialAction":[{"@type":"CommentAction","name":"Comment","target":["https:\/\/www.eimpsa.com\/web\/feria-industrial-eimpsa-en-cartagena-2018\/#respond"]}]},{"@type":"WebPage","@id":"https:\/\/www.eimpsa.com\/web\/feria-industrial-eimpsa-en-cartagena-2018\/","url":"https:\/\/www.eimpsa.com\/web\/feria-industrial-eimpsa-en-cartagena-2018\/","name":"Eventos EIMPSA","isPartOf":{"@id":"https:\/\/www.eimpsa.com\/web\/#website"},"primaryImageOfPage":{"@id":"https:\/\/www.eimpsa.com\/web\/feria-industrial-eimpsa-en-cartagena-2018\/#primaryimage"},"image":{"@id":"https:\/\/www.eimpsa.com\/web\/feria-industrial-eimpsa-en-cartagena-2018\/#primaryimage"},"thumbnailUrl":"https:\/\/www.eimpsa.com\/web\/wp-content\/uploads\/2018\/04\/Programaci\u00f3n-Feria-Industrial-de-Cartagena-01-01-01-01.jpg","datePublished":"2018-04-02T14:57:13+00:00","dateModified":"2018-04-03T12:42:09+00:00","description":"Feria Industrial Eimpsa en Cartagena 2018","breadcrumb":{"@id":"https:\/\/www.eimpsa.com\/web\/feria-industrial-eimpsa-en-cartagena-2018\/#breadcrumb"},"inLanguage":"es","potentialAction":[{"@type":"ReadAction","target":["https:\/\/www.eimpsa.com\/web\/feria-industrial-eimpsa-en-cartagena-2018\/"]}]},{"@type":"ImageObject","inLanguage":"es","@id":"https:\/\/www.eimpsa.com\/web\/feria-industrial-eimpsa-en-cartagena-2018\/#primaryimage","url":"https:\/\/www.eimpsa.com\/web\/wp-content\/uploads\/2018\/04\/Programaci\u00f3n-Feria-Industrial-de-Cartagena-01-01-01-01.jpg","contentUrl":"https:\/\/www.eimpsa.com\/web\/wp-content\/uploads\/2018\/04\/Programaci\u00f3n-Feria-Industrial-de-Cartagena-01-01-01-01.jpg","width":1650,"height":1275,"caption":"Feria Industrial de Cartagena EIMPSA"},{"@type":"BreadcrumbList","@id":"https:\/\/www.eimpsa.com\/web\/feria-industrial-eimpsa-en-cartagena-2018\/#breadcrumb","itemListElement":[{"@type":"ListItem","position":1,"name":"Portada","item":"https:\/\/www.eimpsa.com\/web\/"},{"@type":"ListItem","position":2,"name":"Feria Industrial Eimpsa en Cartagena 2018"}]},{"@type":"WebSite","@id":"https:\/\/www.eimpsa.com\/web\/#website","url":"https:\/\/www.eimpsa.com\/web\/","name":"EIMPSA Electricos Importados","description":"Materiales El\u00e9ctricos","publisher":{"@id":"https:\/\/www.eimpsa.com\/web\/#organization"},"alternateName":"eimpsa","potentialAction":[{"@type":"SearchAction","target":{"@type":"EntryPoint","urlTemplate":"https:\/\/www.eimpsa.com\/web\/?s={search_term_string}"},"query-input":{"@type":"PropertyValueSpecification","valueRequired":true,"valueName":"search_term_string"}}],"inLanguage":"es"},{"@type":"Organization","@id":"https:\/\/www.eimpsa.com\/web\/#organization","name":"EIMPSA El\u00e9ctricos Importados S.A.S","url":"https:\/\/www.eimpsa.com\/web\/","logo":{"@type":"ImageObject","inLanguage":"es","@id":"https:\/\/www.eimpsa.com\/web\/#\/schema\/logo\/image\/","url":"https:\/\/www.eimpsa.com\/web\/wp-content\/uploads\/2023\/10\/EIMPSA-Versiones-RGB_Base.png","contentUrl":"https:\/\/www.eimpsa.com\/web\/wp-content\/uploads\/2023\/10\/EIMPSA-Versiones-RGB_Base.png","width":1471,"height":473,"caption":"EIMPSA El\u00e9ctricos Importados S.A.S"},"image":{"@id":"https:\/\/www.eimpsa.com\/web\/#\/schema\/logo\/image\/"},"sameAs":["https:\/\/www.facebook.com\/eimpsa\/","https:\/\/www.linkedin.com\/company\/el-ctricos-importados-s-a-\/","https:\/\/www.youtube.com\/channel\/UCaCHlQ9m86kFaeAq_dMUOHg?view_as=subscriber","https:\/\/www.instagram.com\/eimpsa_electricos_importados\/"]},{"@type":"Person","@id":"https:\/\/www.eimpsa.com\/web\/#\/schema\/person\/d033f5233a145f64573eeb1669f64f32","name":"Eduardo Eimpsa","image":{"@type":"ImageObject","inLanguage":"es","@id":"https:\/\/secure.gravatar.com\/avatar\/2eed249432c73a50c1791bce7fb2797d27677b3e81d64ca340b757e39ad6c006?s=96&d=mm&r=g","url":"https:\/\/secure.gravatar.com\/avatar\/2eed249432c73a50c1791bce7fb2797d27677b3e81d64ca340b757e39ad6c006?s=96&d=mm&r=g","contentUrl":"https:\/\/secure.gravatar.com\/avatar\/2eed249432c73a50c1791bce7fb2797d27677b3e81d64ca340b757e39ad6c006?s=96&d=mm&r=g","caption":"Eduardo Eimpsa"},"url":"https:\/\/www.eimpsa.com\/web\/author\/eduardo2018\/"}]}},"_links":{"self":[{"href":"https:\/\/www.eimpsa.com\/web\/wp-json\/wp\/v2\/posts\/799","targetHints":{"allow":["GET"]}}],"collection":[{"href":"https:\/\/www.eimpsa.com\/web\/wp-json\/wp\/v2\/posts"}],"about":[{"href":"https:\/\/www.eimpsa.com\/web\/wp-json\/wp\/v2\/types\/post"}],"author":[{"embeddable":true,"href":"https:\/\/www.eimpsa.com\/web\/wp-json\/wp\/v2\/users\/4"}],"replies":[{"embeddable":true,"href":"https:\/\/www.eimpsa.com\/web\/wp-json\/wp\/v2\/comments?post=799"}],"version-history":[{"count":7,"href":"https:\/\/www.eimpsa.com\/web\/wp-json\/wp\/v2\/posts\/799\/revisions"}],"predecessor-version":[{"id":808,"href":"https:\/\/www.eimpsa.com\/web\/wp-json\/wp\/v2\/posts\/799\/revisions\/808"}],"wp:featuredmedia":[{"embeddable":true,"href":"https:\/\/www.eimpsa.com\/web\/wp-json\/wp\/v2\/media\/800"}],"wp:attachment":[{"href":"https:\/\/www.eimpsa.com\/web\/wp-json\/wp\/v2\/media?parent=799"}],"wp:term":[{"taxonomy":"category","embeddable":true,"href":"https:\/\/www.eimpsa.com\/web\/wp-json\/wp\/v2\/categories?post=799"},{"taxonomy":"post_tag","embeddable":true,"href":"https:\/\/www.eimpsa.com\/web\/wp-json\/wp\/v2\/tags?post=799"}],"curies":[{"name":"wp","href":"https:\/\/api.w.org\/{rel}","templated":true}]}}