{"id":7457,"date":"2021-04-09T17:18:04","date_gmt":"2021-04-09T22:18:04","guid":{"rendered":"https:\/\/www.eimpsa.com\/web\/?p=7457"},"modified":"2021-07-30T08:35:52","modified_gmt":"2021-07-30T13:35:52","slug":"feria-digital-hannover-messe-2021-12-al-16-de-abril","status":"publish","type":"post","link":"https:\/\/www.eimpsa.com\/web\/feria-digital-hannover-messe-2021-12-al-16-de-abril\/","title":{"rendered":"Feria Digital Hannover Messe 2021 \u2013 12 al 16 de abril"},"content":{"rendered":"\t\t<div data-elementor-type=\"wp-post\" data-elementor-id=\"7457\" class=\"elementor elementor-7457\" data-elementor-settings=\"[]\">\n\t\t\t\t\t\t<div class=\"elementor-inner\">\n\t\t\t\t\t\t\t<div class=\"elementor-section-wrap\">\n\t\t\t\t\t\t\t<section class=\"elementor-section elementor-top-section elementor-element elementor-element-5f54da31 elementor-section-height-min-height elementor-section-content-middle elementor-section-boxed elementor-section-height-default elementor-section-items-middle\" data-id=\"5f54da31\" data-element_type=\"section\">\n\t\t\t\t\t\t<div class=\"elementor-container elementor-column-gap-default\">\n\t\t\t\t\t\t\t<div class=\"elementor-row\">\n\t\t\t\t\t<div class=\"elementor-column elementor-col-100 elementor-top-column elementor-element elementor-element-6c37be\" data-id=\"6c37be\" data-element_type=\"column\">\n\t\t\t<div class=\"elementor-column-wrap elementor-element-populated\">\n\t\t\t\t\t\t\t<div class=\"elementor-widget-wrap\">\n\t\t\t\t\t\t<div class=\"elementor-element elementor-element-54ef3375 elementor-widget elementor-widget-heading\" data-id=\"54ef3375\" data-element_type=\"widget\" data-widget_type=\"heading.default\">\n\t\t\t\t<div class=\"elementor-widget-container\">\n\t\t\t<p class=\"elementor-heading-title elementor-size-default\">Feria Virtual Hannover Messe 2021 \u2013 12 al 16 de abril<\/p>\t\t<\/div>\n\t\t\t\t<\/div>\n\t\t\t\t\t\t<\/div>\n\t\t\t\t\t<\/div>\n\t\t<\/div>\n\t\t\t\t\t\t\t\t<\/div>\n\t\t\t\t\t<\/div>\n\t\t<\/section>\n\t\t\t\t<section class=\"elementor-section elementor-top-section elementor-element elementor-element-1c2f68eb elementor-section-height-min-height elementor-section-boxed elementor-section-height-default elementor-section-items-middle elementor-invisible\" data-id=\"1c2f68eb\" data-element_type=\"section\" data-settings=\"{&quot;background_background&quot;:&quot;classic&quot;,&quot;shape_divider_bottom&quot;:&quot;arrow&quot;,&quot;shape_divider_bottom_negative&quot;:&quot;yes&quot;,&quot;animation&quot;:&quot;zoomInDown&quot;}\">\n\t\t\t\t\t\t\t<div class=\"elementor-background-overlay\"><\/div>\n\t\t\t\t\t\t<div class=\"elementor-shape elementor-shape-bottom\" data-negative=\"true\">\n\t\t\t<svg xmlns=\"http:\/\/www.w3.org\/2000\/svg\" viewBox=\"0 0 700 10\" preserveAspectRatio=\"none\">\n\t<path class=\"elementor-shape-fill\" d=\"M360 0L350 9.9 340 0 0 0 0 10 700 10 700 0\"\/>\n<\/svg>\t\t<\/div>\n\t\t\t\t\t<div class=\"elementor-container elementor-column-gap-default\">\n\t\t\t\t\t\t\t<div class=\"elementor-row\">\n\t\t\t\t\t<div class=\"elementor-column elementor-col-100 elementor-top-column elementor-element elementor-element-5ee9293\" data-id=\"5ee9293\" data-element_type=\"column\">\n\t\t\t<div class=\"elementor-column-wrap\">\n\t\t\t\t\t\t\t<div class=\"elementor-widget-wrap\">\n\t\t\t\t\t\t\t\t<\/div>\n\t\t\t\t\t<\/div>\n\t\t<\/div>\n\t\t\t\t\t\t\t\t<\/div>\n\t\t\t\t\t<\/div>\n\t\t<\/section>\n\t\t\t\t<section class=\"elementor-section elementor-top-section elementor-element elementor-element-7cca466 elementor-section-boxed elementor-section-height-default elementor-section-height-default\" data-id=\"7cca466\" data-element_type=\"section\">\n\t\t\t\t\t\t<div class=\"elementor-container elementor-column-gap-default\">\n\t\t\t\t\t\t\t<div class=\"elementor-row\">\n\t\t\t\t\t<div class=\"elementor-column elementor-col-100 elementor-top-column elementor-element elementor-element-01caf85\" data-id=\"01caf85\" data-element_type=\"column\">\n\t\t\t<div class=\"elementor-column-wrap elementor-element-populated\">\n\t\t\t\t\t\t\t<div class=\"elementor-widget-wrap\">\n\t\t\t\t\t\t<div class=\"elementor-element elementor-element-1f3548c elementor-widget elementor-widget-heading\" data-id=\"1f3548c\" data-element_type=\"widget\" data-widget_type=\"heading.default\">\n\t\t\t\t<div class=\"elementor-widget-container\">\n\t\t\t<h1 class=\"elementor-heading-title elementor-size-default\">Te invitamos a la feria de la mano de nuestros aliados<\/h1>\t\t<\/div>\n\t\t\t\t<\/div>\n\t\t\t\t\t\t<\/div>\n\t\t\t\t\t<\/div>\n\t\t<\/div>\n\t\t\t\t\t\t\t\t<\/div>\n\t\t\t\t\t<\/div>\n\t\t<\/section>\n\t\t\t\t<section class=\"elementor-section elementor-top-section elementor-element elementor-element-b3b6d7d elementor-section-boxed elementor-section-height-default elementor-section-height-default\" data-id=\"b3b6d7d\" data-element_type=\"section\">\n\t\t\t\t\t\t<div class=\"elementor-container elementor-column-gap-default\">\n\t\t\t\t\t\t\t<div class=\"elementor-row\">\n\t\t\t\t\t<div class=\"elementor-column elementor-col-50 elementor-top-column elementor-element elementor-element-15d54a6\" data-id=\"15d54a6\" data-element_type=\"column\">\n\t\t\t<div class=\"elementor-column-wrap elementor-element-populated\">\n\t\t\t\t\t\t\t<div class=\"elementor-widget-wrap\">\n\t\t\t\t\t\t<div class=\"elementor-element elementor-element-90906bc elementor-invisible elementor-widget elementor-widget-image\" data-id=\"90906bc\" data-element_type=\"widget\" data-settings=\"{&quot;_animation&quot;:&quot;rotateInDownLeft&quot;}\" data-widget_type=\"image.default\">\n\t\t\t\t<div class=\"elementor-widget-container\">\n\t\t\t\t\t<div class=\"elementor-image\">\n\t\t\t\t\t\t\t\t\t\t<img loading=\"lazy\" decoding=\"async\" width=\"285\" height=\"123\" src=\"https:\/\/www.eimpsa.com\/web\/wp-content\/uploads\/2017\/10\/siemens.jpg\" class=\"attachment-large size-large\" alt=\"Siemens EIMPSA\" \/>\t\t\t\t\t\t\t\t\t\t\t<\/div>\n\t\t\t\t<\/div>\n\t\t\t\t<\/div>\n\t\t\t\t\t\t<\/div>\n\t\t\t\t\t<\/div>\n\t\t<\/div>\n\t\t\t\t<div class=\"elementor-column elementor-col-50 elementor-top-column elementor-element elementor-element-6342678\" data-id=\"6342678\" data-element_type=\"column\">\n\t\t\t<div class=\"elementor-column-wrap elementor-element-populated\">\n\t\t\t\t\t\t\t<div class=\"elementor-widget-wrap\">\n\t\t\t\t\t\t<div class=\"elementor-element elementor-element-46383af elementor-invisible elementor-widget elementor-widget-image\" data-id=\"46383af\" data-element_type=\"widget\" data-settings=\"{&quot;_animation&quot;:&quot;rotateInDownRight&quot;}\" data-widget_type=\"image.default\">\n\t\t\t\t<div class=\"elementor-widget-container\">\n\t\t\t\t\t<div class=\"elementor-image\">\n\t\t\t\t\t\t\t\t\t\t<img loading=\"lazy\" decoding=\"async\" width=\"296\" height=\"89\" src=\"https:\/\/www.eimpsa.com\/web\/wp-content\/uploads\/2020\/08\/Festo_Logo_Caerul_jpg.jpg\" class=\"attachment-large size-large\" alt=\"Festo_Logo_Caerul_jpg\" srcset=\"https:\/\/www.eimpsa.com\/web\/wp-content\/uploads\/2020\/08\/Festo_Logo_Caerul_jpg.jpg 296w, https:\/\/www.eimpsa.com\/web\/wp-content\/uploads\/2020\/08\/Festo_Logo_Caerul_jpg-64x19.jpg 64w\" sizes=\"auto, (max-width: 296px) 100vw, 296px\" \/>\t\t\t\t\t\t\t\t\t\t\t<\/div>\n\t\t\t\t<\/div>\n\t\t\t\t<\/div>\n\t\t\t\t\t\t<\/div>\n\t\t\t\t\t<\/div>\n\t\t<\/div>\n\t\t\t\t\t\t\t\t<\/div>\n\t\t\t\t\t<\/div>\n\t\t<\/section>\n\t\t\t\t<section class=\"elementor-section elementor-top-section elementor-element elementor-element-6da82ad3 elementor-section-content-middle elementor-reverse-mobile elementor-section-boxed elementor-section-height-default elementor-section-height-default elementor-invisible\" data-id=\"6da82ad3\" data-element_type=\"section\" data-settings=\"{&quot;animation&quot;:&quot;fadeIn&quot;}\">\n\t\t\t\t\t\t<div class=\"elementor-container elementor-column-gap-default\">\n\t\t\t\t\t\t\t<div class=\"elementor-row\">\n\t\t\t\t\t<div class=\"elementor-column elementor-col-100 elementor-top-column elementor-element elementor-element-56679b76\" data-id=\"56679b76\" data-element_type=\"column\">\n\t\t\t<div class=\"elementor-column-wrap elementor-element-populated\">\n\t\t\t\t\t\t\t<div class=\"elementor-widget-wrap\">\n\t\t\t\t\t\t<div class=\"elementor-element elementor-element-68b098f5 elementor-widget elementor-widget-heading\" data-id=\"68b098f5\" data-element_type=\"widget\" data-widget_type=\"heading.default\">\n\t\t\t\t<div class=\"elementor-widget-container\">\n\t\t\t<h3 class=\"elementor-heading-title elementor-size-default\">Hannover Messe: la feria<\/h3>\t\t<\/div>\n\t\t\t\t<\/div>\n\t\t\t\t<div class=\"elementor-element elementor-element-3ea50e13 elementor-widget elementor-widget-text-editor\" data-id=\"3ea50e13\" data-element_type=\"widget\" data-widget_type=\"text-editor.default\">\n\t\t\t\t<div class=\"elementor-widget-container\">\n\t\t\t\t\t<div class=\"elementor-text-editor elementor-clearfix\"><article class=\"marginBot20\"><h2><span style=\"font-size: 16px;\">La Feria anual de Hannover, se celebra en Alemania desde hace 60 a\u00f1os y es el principal mercado para tecnolog\u00edas de punta, materiales e ideas. La exposici\u00f3n re\u00fane ocho importantes ferias en un solo lugar y permite, por tanto, la interacci\u00f3n e integraci\u00f3n entre distintas Industrias y \u00e1mbitos de aplicaci\u00f3n. Hannover Messe ofrece: automatizaci\u00f3n de procesos industriales, producci\u00f3n y automatizaci\u00f3n de edificios, una amplia gama de tecnolog\u00edas energ\u00e9ticas, software industrial y de servicios y mucho m\u00e1s.<\/span><\/h2><\/article><article class=\"marginBot20\"><h2>Ficha t\u00e9cnica Hannover Messe<\/h2><p><span class=\"bold\">Sectores<\/span>:<\/p><p>Ferias industriales &#8211;\u00a0Tecnolog\u00eda &#8211; Automatizaci\u00f3n &#8211;\u00a0Controles &#8211;\u00a0Equipamiento industrial &#8211; Equipamiento y tecnolog\u00eda &#8211;\u00a0Financiera &#8211;\u00a0Industria &#8211; Ingenier\u00eda &#8211; Nuevas tecnolog\u00edas<\/p><p><span class=\"bold\">Periocidad<\/span>: Anual<\/p><\/article><\/div>\n\t\t\t\t<\/div>\n\t\t\t\t<\/div>\n\t\t\t\t\t\t<\/div>\n\t\t\t\t\t<\/div>\n\t\t<\/div>\n\t\t\t\t\t\t\t\t<\/div>\n\t\t\t\t\t<\/div>\n\t\t<\/section>\n\t\t\t\t<section class=\"elementor-section elementor-top-section elementor-element elementor-element-7955b525 elementor-section-content-middle elementor-section-boxed elementor-section-height-default elementor-section-height-default elementor-invisible\" data-id=\"7955b525\" data-element_type=\"section\" data-settings=\"{&quot;animation&quot;:&quot;rollIn&quot;}\">\n\t\t\t\t\t\t<div class=\"elementor-container elementor-column-gap-default\">\n\t\t\t\t\t\t\t<div class=\"elementor-row\">\n\t\t\t\t\t<div class=\"elementor-column elementor-col-50 elementor-top-column elementor-element elementor-element-55659d67\" data-id=\"55659d67\" data-element_type=\"column\">\n\t\t\t<div class=\"elementor-column-wrap elementor-element-populated\">\n\t\t\t\t\t\t\t<div class=\"elementor-widget-wrap\">\n\t\t\t\t\t\t<div class=\"elementor-element elementor-element-41cd452 elementor-aspect-ratio-169 elementor-widget elementor-widget-video\" data-id=\"41cd452\" data-element_type=\"widget\" data-settings=\"{&quot;aspect_ratio&quot;:&quot;169&quot;}\" data-widget_type=\"video.default\">\n\t\t\t\t<div class=\"elementor-widget-container\">\n\t\t\t\t\t<div class=\"elementor-wrapper elementor-fit-aspect-ratio elementor-open-inline\">\n\t\t\t\t\t<video class=\"elementor-video\" src=\"https:\/\/www.eimpsa.com\/web\/wp-content\/uploads\/2021\/04\/SiemensHannoverMesse2021.mp4\" autoplay=\"\" loop=\"\" controls=\"\" controlsList=\"nodownload\"><\/video>\n\t\t\t\t<\/div>\n\t\t\t\t<\/div>\n\t\t\t\t<\/div>\n\t\t\t\t\t\t<\/div>\n\t\t\t\t\t<\/div>\n\t\t<\/div>\n\t\t\t\t<div class=\"elementor-column elementor-col-50 elementor-top-column elementor-element elementor-element-2508a7d5\" data-id=\"2508a7d5\" data-element_type=\"column\">\n\t\t\t<div class=\"elementor-column-wrap elementor-element-populated\">\n\t\t\t\t\t\t\t<div class=\"elementor-widget-wrap\">\n\t\t\t\t\t\t<div class=\"elementor-element elementor-element-dbcbe6f elementor-widget elementor-widget-image\" data-id=\"dbcbe6f\" data-element_type=\"widget\" data-widget_type=\"image.default\">\n\t\t\t\t<div class=\"elementor-widget-container\">\n\t\t\t\t\t<div class=\"elementor-image\">\n\t\t\t\t\t\t\t\t\t\t<img decoding=\"async\" src=\"https:\/\/www.eimpsa.com\/web\/wp-content\/uploads\/2017\/10\/siemens.jpg\" title=\"siemens\" alt=\"Siemens EIMPSA\" \/>\t\t\t\t\t\t\t\t\t\t\t<\/div>\n\t\t\t\t<\/div>\n\t\t\t\t<\/div>\n\t\t\t\t<div class=\"elementor-element elementor-element-42b5b48 elementor-widget elementor-widget-text-editor\" data-id=\"42b5b48\" data-element_type=\"widget\" data-widget_type=\"text-editor.default\">\n\t\t\t\t<div class=\"elementor-widget-container\">\n\t\t\t\t\t<div class=\"elementor-text-editor elementor-clearfix\"><p><span class=\"m_4282025614202175313max5301\">Conoce todos nuestros aspectos m\u00e1s destacados en un entorno 3D realista en Digital Enterprise Virtual Experience: &#8220;Oportunidades infinitas a partir de datos infinitos&#8221;.\u00a0\u00a0\u00a0<\/span><\/p><h5><span class=\"m_4282025614202175313max5301\">D\u00e9jate inspirar e inscr\u00edbete haciendo clic ac\u00e1\u00a0<\/span><br \/><a href=\"https:\/\/redirect-yp.siemens.com\/redir\/kpfpyg7pntty5qzf4wgjq5y2qrdsa6yjdtrcfvarhirbwhvegioa\/zAGQ819DTTDlGNFyU6qr0zehp97q15x3qLqw1SAh0P0\" target=\"_blank\" rel=\"noopener\" data-saferedirecturl=\"https:\/\/www.google.com\/url?q=https:\/\/redirect-yp.siemens.com\/redir\/kpfpyg7pntty5qzf4wgjq5y2qrdsa6yjdtrcfvarhirbwhvegioa\/zAGQ819DTTDlGNFyU6qr0zehp97q15x3qLqw1SAh0P0&amp;source=gmail&amp;ust=1618088174318000&amp;usg=AFQjCNGfBdnhUk4sqYY1az-A_Ak5YlNeOg\"><span class=\"m_4282025614202175313max5301\"><b><u>https:\/\/sie.ag\/31U0xK9<\/u><\/b><\/span><\/a><span class=\"m_4282025614202175313max5301\">\u00a0<\/span><br \/><span class=\"m_4282025614202175313max5301\">y clic ac\u00e1 para un tour guiado\u00a0<\/span><br \/><a href=\"https:\/\/redirect-yp.siemens.com\/redir\/kpfpyg7pntty5qzf4wgjq5y2qrdsa6yjdtrcfvarhirbwhvegioa\/L_Px6VjYI75dFHIYSPuPEw63UFXHDxxlcf_Q84myzi8\" target=\"_blank\" rel=\"noopener\" data-saferedirecturl=\"https:\/\/www.google.com\/url?q=https:\/\/redirect-yp.siemens.com\/redir\/kpfpyg7pntty5qzf4wgjq5y2qrdsa6yjdtrcfvarhirbwhvegioa\/L_Px6VjYI75dFHIYSPuPEw63UFXHDxxlcf_Q84myzi8&amp;source=gmail&amp;ust=1618088174319000&amp;usg=AFQjCNHYcQOT486Dv-j9qbJQ-dLKK2sBFQ\"><span class=\"m_4282025614202175313max5301\"><b><u>https:\/\/new.siemens.com\/<wbr \/>global\/en\/company\/fairs-<wbr \/>events\/hannover-messe\/guided-<wbr \/>tours.html<\/u><\/b><\/span><\/a><\/h5><\/div>\n\t\t\t\t<\/div>\n\t\t\t\t<\/div>\n\t\t\t\t\t\t<\/div>\n\t\t\t\t\t<\/div>\n\t\t<\/div>\n\t\t\t\t\t\t\t\t<\/div>\n\t\t\t\t\t<\/div>\n\t\t<\/section>\n\t\t\t\t<section class=\"elementor-section elementor-top-section elementor-element elementor-element-226c04ea elementor-section-content-middle elementor-reverse-mobile elementor-section-boxed elementor-section-height-default elementor-section-height-default elementor-invisible\" data-id=\"226c04ea\" data-element_type=\"section\" data-settings=\"{&quot;animation&quot;:&quot;rollIn&quot;}\">\n\t\t\t\t\t\t<div class=\"elementor-container elementor-column-gap-default\">\n\t\t\t\t\t\t\t<div class=\"elementor-row\">\n\t\t\t\t\t<div class=\"elementor-column elementor-col-50 elementor-top-column elementor-element elementor-element-21ffcd2c\" data-id=\"21ffcd2c\" data-element_type=\"column\">\n\t\t\t<div class=\"elementor-column-wrap elementor-element-populated\">\n\t\t\t\t\t\t\t<div class=\"elementor-widget-wrap\">\n\t\t\t\t\t\t<div class=\"elementor-element elementor-element-93e0be7 elementor-widget elementor-widget-image\" data-id=\"93e0be7\" data-element_type=\"widget\" data-widget_type=\"image.default\">\n\t\t\t\t<div class=\"elementor-widget-container\">\n\t\t\t\t\t<div class=\"elementor-image\">\n\t\t\t\t\t\t\t\t\t\t<img decoding=\"async\" src=\"https:\/\/www.eimpsa.com\/web\/wp-content\/uploads\/2020\/08\/Festo_Logo_Caerul_jpg.jpg\" title=\"Festo_Logo_Caerul_jpg\" alt=\"Festo_Logo_Caerul_jpg\" \/>\t\t\t\t\t\t\t\t\t\t\t<\/div>\n\t\t\t\t<\/div>\n\t\t\t\t<\/div>\n\t\t\t\t<div class=\"elementor-element elementor-element-e63e7a5 elementor-widget elementor-widget-image\" data-id=\"e63e7a5\" data-element_type=\"widget\" data-widget_type=\"image.default\">\n\t\t\t\t<div class=\"elementor-widget-container\">\n\t\t\t\t\t<div class=\"elementor-image\">\n\t\t\t\t\t\t\t\t\t\t<img loading=\"lazy\" decoding=\"async\" width=\"1024\" height=\"604\" src=\"https:\/\/www.eimpsa.com\/web\/wp-content\/uploads\/2021\/04\/Stand-FESTO-Hannover-1024x604.jpg\" class=\"attachment-large size-large\" alt=\"Stand FESTO Hannover\" srcset=\"https:\/\/www.eimpsa.com\/web\/wp-content\/uploads\/2021\/04\/Stand-FESTO-Hannover-1024x604.jpg 1024w, https:\/\/www.eimpsa.com\/web\/wp-content\/uploads\/2021\/04\/Stand-FESTO-Hannover-600x354.jpg 600w, https:\/\/www.eimpsa.com\/web\/wp-content\/uploads\/2021\/04\/Stand-FESTO-Hannover-300x177.jpg 300w, https:\/\/www.eimpsa.com\/web\/wp-content\/uploads\/2021\/04\/Stand-FESTO-Hannover-768x453.jpg 768w, https:\/\/www.eimpsa.com\/web\/wp-content\/uploads\/2021\/04\/Stand-FESTO-Hannover-64x38.jpg 64w, https:\/\/www.eimpsa.com\/web\/wp-content\/uploads\/2021\/04\/Stand-FESTO-Hannover.jpg 1896w\" sizes=\"auto, (max-width: 1024px) 100vw, 1024px\" \/>\t\t\t\t\t\t\t\t\t\t\t<\/div>\n\t\t\t\t<\/div>\n\t\t\t\t<\/div>\n\t\t\t\t<div class=\"elementor-element elementor-element-28d0a030 elementor-align-left elementor-mobile-align-center elementor-widget elementor-widget-button\" data-id=\"28d0a030\" data-element_type=\"widget\" data-widget_type=\"button.default\">\n\t\t\t\t<div class=\"elementor-widget-container\">\n\t\t\t\t\t<div class=\"elementor-button-wrapper\">\n\t\t\t<a href=\"https:\/\/es.festo-digital.com\/hannover-messe-2021?fwacid=58b476c09490d4b0\" target=\"_blank\" class=\"elementor-button-link elementor-button elementor-size-md\" role=\"button\">\n\t\t\t\t\t\t<span class=\"elementor-button-content-wrapper\">\n\t\t\t\t\t\t<span class=\"elementor-button-icon elementor-align-icon-right\">\n\t\t\t\t<i aria-hidden=\"true\" class=\"fas fa-angle-double-right\"><\/i>\t\t\t<\/span>\n\t\t\t\t\t\t<span class=\"elementor-button-text\">Obtener entrada AQU\u00cd<\/span>\n\t\t<\/span>\n\t\t\t\t\t<\/a>\n\t\t<\/div>\n\t\t\t\t<\/div>\n\t\t\t\t<\/div>\n\t\t\t\t\t\t<\/div>\n\t\t\t\t\t<\/div>\n\t\t<\/div>\n\t\t\t\t<div class=\"elementor-column elementor-col-50 elementor-top-column elementor-element elementor-element-7dbfd3a6\" data-id=\"7dbfd3a6\" data-element_type=\"column\">\n\t\t\t<div class=\"elementor-column-wrap elementor-element-populated\">\n\t\t\t\t\t\t\t<div class=\"elementor-widget-wrap\">\n\t\t\t\t\t\t<div class=\"elementor-element elementor-element-83486ca elementor-widget elementor-widget-image\" data-id=\"83486ca\" data-element_type=\"widget\" data-widget_type=\"image.default\">\n\t\t\t\t<div class=\"elementor-widget-container\">\n\t\t\t\t\t<div class=\"elementor-image\">\n\t\t\t\t\t\t\t\t\t\t\t<a href=\"https:\/\/es.festo-digital.com\/hannover-messe-2021?fwacid=58b476c09490d4b0\" target=\"_blank\">\n\t\t\t\t\t\t\t<img loading=\"lazy\" decoding=\"async\" width=\"602\" height=\"438\" src=\"https:\/\/www.eimpsa.com\/web\/wp-content\/uploads\/2021\/04\/INVITACION-HANNOVER-POST.jpg\" class=\"attachment-large size-large\" alt=\"\" srcset=\"https:\/\/www.eimpsa.com\/web\/wp-content\/uploads\/2021\/04\/INVITACION-HANNOVER-POST.jpg 602w, https:\/\/www.eimpsa.com\/web\/wp-content\/uploads\/2021\/04\/INVITACION-HANNOVER-POST-600x438.jpg 600w, https:\/\/www.eimpsa.com\/web\/wp-content\/uploads\/2021\/04\/INVITACION-HANNOVER-POST-300x218.jpg 300w, https:\/\/www.eimpsa.com\/web\/wp-content\/uploads\/2021\/04\/INVITACION-HANNOVER-POST-64x47.jpg 64w\" sizes=\"auto, (max-width: 602px) 100vw, 602px\" \/>\t\t\t\t\t\t\t\t<\/a>\n\t\t\t\t\t\t\t\t\t\t\t<\/div>\n\t\t\t\t<\/div>\n\t\t\t\t<\/div>\n\t\t\t\t\t\t<\/div>\n\t\t\t\t\t<\/div>\n\t\t<\/div>\n\t\t\t\t\t\t\t\t<\/div>\n\t\t\t\t\t<\/div>\n\t\t<\/section>\n\t\t\t\t<section class=\"elementor-section elementor-top-section elementor-element elementor-element-86b0fb2 elementor-section-boxed elementor-section-height-default elementor-section-height-default elementor-invisible\" data-id=\"86b0fb2\" data-element_type=\"section\" data-settings=\"{&quot;background_background&quot;:&quot;gradient&quot;,&quot;shape_divider_bottom&quot;:&quot;arrow&quot;,&quot;shape_divider_bottom_negative&quot;:&quot;yes&quot;,&quot;animation&quot;:&quot;bounceIn&quot;}\">\n\t\t\t\t\t<div class=\"elementor-shape elementor-shape-bottom\" data-negative=\"true\">\n\t\t\t<svg xmlns=\"http:\/\/www.w3.org\/2000\/svg\" viewBox=\"0 0 700 10\" preserveAspectRatio=\"none\">\n\t<path class=\"elementor-shape-fill\" d=\"M360 0L350 9.9 340 0 0 0 0 10 700 10 700 0\"\/>\n<\/svg>\t\t<\/div>\n\t\t\t\t\t<div class=\"elementor-container elementor-column-gap-default\">\n\t\t\t\t\t\t\t<div class=\"elementor-row\">\n\t\t\t\t\t<div class=\"elementor-column elementor-col-100 elementor-top-column elementor-element elementor-element-5654e984\" data-id=\"5654e984\" data-element_type=\"column\">\n\t\t\t<div class=\"elementor-column-wrap elementor-element-populated\">\n\t\t\t\t\t\t\t<div class=\"elementor-widget-wrap\">\n\t\t\t\t\t\t<div class=\"elementor-element elementor-element-4c503a90 elementor-widget elementor-widget-heading\" data-id=\"4c503a90\" data-element_type=\"widget\" data-widget_type=\"heading.default\">\n\t\t\t\t<div class=\"elementor-widget-container\">\n\t\t\t<h3 class=\"elementor-heading-title elementor-size-default\">Vive una gran experiencia junto a EIMPSA en uno de los eventos m\u00e1s grandes del mundo para la industria<\/h3>\t\t<\/div>\n\t\t\t\t<\/div>\n\t\t\t\t\t\t<\/div>\n\t\t\t\t\t<\/div>\n\t\t<\/div>\n\t\t\t\t\t\t\t\t<\/div>\n\t\t\t\t\t<\/div>\n\t\t<\/section>\n\t\t\t\t\t\t<\/div>\n\t\t\t\t\t\t<\/div>\n\t\t\t\t\t<\/div>\n\t\t<p>Visits: 99<\/p>","protected":false},"excerpt":{"rendered":"<p>Feria Virtual Hannover Messe 2021 \u2013 12 al 16 de abril Te invitamos a la feria de la mano de nuestros aliados Hannover Messe: la feria La Feria anual de Hannover, se celebra en Alemania desde hace 60 a\u00f1os y es el principal mercado para tecnolog\u00edas de punta, materiales e ideas. La exposici\u00f3n re\u00fane ocho [&hellip;]<\/p>\n","protected":false},"author":4,"featured_media":7479,"comment_status":"open","ping_status":"open","sticky":false,"template":"","format":"standard","meta":{"footnotes":""},"categories":[125],"tags":[130,309,308,143],"class_list":["post-7457","post","type-post","status-publish","format-standard","has-post-thumbnail","hentry","category-noticias-eimpsa","tag-eimpsa","tag-festo","tag-hannover","tag-siemens"],"yoast_head":"<!-- This site is optimized with the Yoast SEO plugin v27.5 - https:\/\/yoast.com\/product\/yoast-seo-wordpress\/ -->\n<title>Feria Digital Hannover Messe 2021 \u2013 12 al 16 de abril - Electricos Importados<\/title>\n<meta name=\"robots\" content=\"index, follow, max-snippet:-1, max-image-preview:large, max-video-preview:-1\" \/>\n<link rel=\"canonical\" href=\"https:\/\/www.eimpsa.com\/web\/feria-digital-hannover-messe-2021-12-al-16-de-abril\/\" \/>\n<meta property=\"og:locale\" content=\"es_ES\" \/>\n<meta property=\"og:type\" content=\"article\" \/>\n<meta property=\"og:title\" content=\"Feria Digital Hannover Messe 2021 \u2013 12 al 16 de abril - Electricos Importados\" \/>\n<meta property=\"og:description\" content=\"Feria Virtual Hannover Messe 2021 \u2013 12 al 16 de abril Te invitamos a la feria de la mano de nuestros aliados Hannover Messe: la feria La Feria anual de Hannover, se celebra en Alemania desde hace 60 a\u00f1os y es el principal mercado para tecnolog\u00edas de punta, materiales e ideas. La exposici\u00f3n re\u00fane ocho [&hellip;]\" \/>\n<meta property=\"og:url\" content=\"https:\/\/www.eimpsa.com\/web\/feria-digital-hannover-messe-2021-12-al-16-de-abril\/\" \/>\n<meta property=\"og:site_name\" content=\"Electricos Importados\" \/>\n<meta property=\"article:publisher\" content=\"https:\/\/www.facebook.com\/eimpsa\/\" \/>\n<meta property=\"article:published_time\" content=\"2021-04-09T22:18:04+00:00\" \/>\n<meta property=\"article:modified_time\" content=\"2021-07-30T13:35:52+00:00\" \/>\n<meta property=\"og:image\" content=\"https:\/\/www.eimpsa.com\/web\/wp-content\/uploads\/2021\/04\/hannover-2021-1918x959.png\" \/>\n\t<meta property=\"og:image:width\" content=\"1918\" \/>\n\t<meta property=\"og:image:height\" content=\"959\" \/>\n\t<meta property=\"og:image:type\" content=\"image\/png\" \/>\n<meta name=\"author\" content=\"Eduardo Eimpsa\" \/>\n<meta name=\"twitter:card\" content=\"summary_large_image\" \/>\n<meta name=\"twitter:label1\" content=\"Escrito por\" \/>\n\t<meta name=\"twitter:data1\" content=\"Eduardo Eimpsa\" \/>\n\t<meta name=\"twitter:label2\" content=\"Tiempo de lectura\" \/>\n\t<meta name=\"twitter:data2\" content=\"1 minuto\" \/>\n<script type=\"application\/ld+json\" class=\"yoast-schema-graph\">{\"@context\":\"https:\\\/\\\/schema.org\",\"@graph\":[{\"@type\":\"Article\",\"@id\":\"https:\\\/\\\/www.eimpsa.com\\\/web\\\/feria-digital-hannover-messe-2021-12-al-16-de-abril\\\/#article\",\"isPartOf\":{\"@id\":\"https:\\\/\\\/www.eimpsa.com\\\/web\\\/feria-digital-hannover-messe-2021-12-al-16-de-abril\\\/\"},\"author\":{\"name\":\"Eduardo Eimpsa\",\"@id\":\"https:\\\/\\\/www.eimpsa.com\\\/web\\\/#\\\/schema\\\/person\\\/d033f5233a145f64573eeb1669f64f32\"},\"headline\":\"Feria Digital Hannover Messe 2021 \u2013 12 al 16 de abril\",\"datePublished\":\"2021-04-09T22:18:04+00:00\",\"dateModified\":\"2021-07-30T13:35:52+00:00\",\"mainEntityOfPage\":{\"@id\":\"https:\\\/\\\/www.eimpsa.com\\\/web\\\/feria-digital-hannover-messe-2021-12-al-16-de-abril\\\/\"},\"wordCount\":242,\"commentCount\":0,\"publisher\":{\"@id\":\"https:\\\/\\\/www.eimpsa.com\\\/web\\\/#organization\"},\"image\":{\"@id\":\"https:\\\/\\\/www.eimpsa.com\\\/web\\\/feria-digital-hannover-messe-2021-12-al-16-de-abril\\\/#primaryimage\"},\"thumbnailUrl\":\"https:\\\/\\\/www.eimpsa.com\\\/web\\\/wp-content\\\/uploads\\\/2021\\\/04\\\/hannover-2021-1918x959.png\",\"keywords\":[\"eimpsa\",\"festo\",\"hannover\",\"siemens\"],\"articleSection\":[\"Noticias\"],\"inLanguage\":\"es\",\"potentialAction\":[{\"@type\":\"CommentAction\",\"name\":\"Comment\",\"target\":[\"https:\\\/\\\/www.eimpsa.com\\\/web\\\/feria-digital-hannover-messe-2021-12-al-16-de-abril\\\/#respond\"]}]},{\"@type\":\"WebPage\",\"@id\":\"https:\\\/\\\/www.eimpsa.com\\\/web\\\/feria-digital-hannover-messe-2021-12-al-16-de-abril\\\/\",\"url\":\"https:\\\/\\\/www.eimpsa.com\\\/web\\\/feria-digital-hannover-messe-2021-12-al-16-de-abril\\\/\",\"name\":\"Feria Digital Hannover Messe 2021 \u2013 12 al 16 de abril - Electricos Importados\",\"isPartOf\":{\"@id\":\"https:\\\/\\\/www.eimpsa.com\\\/web\\\/#website\"},\"primaryImageOfPage\":{\"@id\":\"https:\\\/\\\/www.eimpsa.com\\\/web\\\/feria-digital-hannover-messe-2021-12-al-16-de-abril\\\/#primaryimage\"},\"image\":{\"@id\":\"https:\\\/\\\/www.eimpsa.com\\\/web\\\/feria-digital-hannover-messe-2021-12-al-16-de-abril\\\/#primaryimage\"},\"thumbnailUrl\":\"https:\\\/\\\/www.eimpsa.com\\\/web\\\/wp-content\\\/uploads\\\/2021\\\/04\\\/hannover-2021-1918x959.png\",\"datePublished\":\"2021-04-09T22:18:04+00:00\",\"dateModified\":\"2021-07-30T13:35:52+00:00\",\"breadcrumb\":{\"@id\":\"https:\\\/\\\/www.eimpsa.com\\\/web\\\/feria-digital-hannover-messe-2021-12-al-16-de-abril\\\/#breadcrumb\"},\"inLanguage\":\"es\",\"potentialAction\":[{\"@type\":\"ReadAction\",\"target\":[\"https:\\\/\\\/www.eimpsa.com\\\/web\\\/feria-digital-hannover-messe-2021-12-al-16-de-abril\\\/\"]}]},{\"@type\":\"ImageObject\",\"inLanguage\":\"es\",\"@id\":\"https:\\\/\\\/www.eimpsa.com\\\/web\\\/feria-digital-hannover-messe-2021-12-al-16-de-abril\\\/#primaryimage\",\"url\":\"https:\\\/\\\/www.eimpsa.com\\\/web\\\/wp-content\\\/uploads\\\/2021\\\/04\\\/hannover-2021-1918x959.png\",\"contentUrl\":\"https:\\\/\\\/www.eimpsa.com\\\/web\\\/wp-content\\\/uploads\\\/2021\\\/04\\\/hannover-2021-1918x959.png\",\"width\":1918,\"height\":959,\"caption\":\"hannover-2021\"},{\"@type\":\"BreadcrumbList\",\"@id\":\"https:\\\/\\\/www.eimpsa.com\\\/web\\\/feria-digital-hannover-messe-2021-12-al-16-de-abril\\\/#breadcrumb\",\"itemListElement\":[{\"@type\":\"ListItem\",\"position\":1,\"name\":\"Portada\",\"item\":\"https:\\\/\\\/www.eimpsa.com\\\/web\\\/\"},{\"@type\":\"ListItem\",\"position\":2,\"name\":\"Feria Digital Hannover Messe 2021 \u2013 12 al 16 de abril\"}]},{\"@type\":\"WebSite\",\"@id\":\"https:\\\/\\\/www.eimpsa.com\\\/web\\\/#website\",\"url\":\"https:\\\/\\\/www.eimpsa.com\\\/web\\\/\",\"name\":\"EIMPSA Electricos Importados\",\"description\":\"Materiales El\u00e9ctricos\",\"publisher\":{\"@id\":\"https:\\\/\\\/www.eimpsa.com\\\/web\\\/#organization\"},\"alternateName\":\"eimpsa\",\"potentialAction\":[{\"@type\":\"SearchAction\",\"target\":{\"@type\":\"EntryPoint\",\"urlTemplate\":\"https:\\\/\\\/www.eimpsa.com\\\/web\\\/?s={search_term_string}\"},\"query-input\":{\"@type\":\"PropertyValueSpecification\",\"valueRequired\":true,\"valueName\":\"search_term_string\"}}],\"inLanguage\":\"es\"},{\"@type\":\"Organization\",\"@id\":\"https:\\\/\\\/www.eimpsa.com\\\/web\\\/#organization\",\"name\":\"EIMPSA El\u00e9ctricos Importados S.A.S\",\"url\":\"https:\\\/\\\/www.eimpsa.com\\\/web\\\/\",\"logo\":{\"@type\":\"ImageObject\",\"inLanguage\":\"es\",\"@id\":\"https:\\\/\\\/www.eimpsa.com\\\/web\\\/#\\\/schema\\\/logo\\\/image\\\/\",\"url\":\"https:\\\/\\\/www.eimpsa.com\\\/web\\\/wp-content\\\/uploads\\\/2023\\\/10\\\/EIMPSA-Versiones-RGB_Base.png\",\"contentUrl\":\"https:\\\/\\\/www.eimpsa.com\\\/web\\\/wp-content\\\/uploads\\\/2023\\\/10\\\/EIMPSA-Versiones-RGB_Base.png\",\"width\":1471,\"height\":473,\"caption\":\"EIMPSA El\u00e9ctricos Importados S.A.S\"},\"image\":{\"@id\":\"https:\\\/\\\/www.eimpsa.com\\\/web\\\/#\\\/schema\\\/logo\\\/image\\\/\"},\"sameAs\":[\"https:\\\/\\\/www.facebook.com\\\/eimpsa\\\/\",\"https:\\\/\\\/www.linkedin.com\\\/company\\\/el-ctricos-importados-s-a-\\\/\",\"https:\\\/\\\/www.youtube.com\\\/channel\\\/UCaCHlQ9m86kFaeAq_dMUOHg?view_as=subscriber\",\"https:\\\/\\\/www.instagram.com\\\/eimpsa_electricos_importados\\\/\"]},{\"@type\":\"Person\",\"@id\":\"https:\\\/\\\/www.eimpsa.com\\\/web\\\/#\\\/schema\\\/person\\\/d033f5233a145f64573eeb1669f64f32\",\"name\":\"Eduardo Eimpsa\",\"image\":{\"@type\":\"ImageObject\",\"inLanguage\":\"es\",\"@id\":\"https:\\\/\\\/secure.gravatar.com\\\/avatar\\\/2eed249432c73a50c1791bce7fb2797d27677b3e81d64ca340b757e39ad6c006?s=96&d=mm&r=g\",\"url\":\"https:\\\/\\\/secure.gravatar.com\\\/avatar\\\/2eed249432c73a50c1791bce7fb2797d27677b3e81d64ca340b757e39ad6c006?s=96&d=mm&r=g\",\"contentUrl\":\"https:\\\/\\\/secure.gravatar.com\\\/avatar\\\/2eed249432c73a50c1791bce7fb2797d27677b3e81d64ca340b757e39ad6c006?s=96&d=mm&r=g\",\"caption\":\"Eduardo Eimpsa\"},\"url\":\"https:\\\/\\\/www.eimpsa.com\\\/web\\\/author\\\/eduardo2018\\\/\"}]}<\/script>\n<!-- \/ Yoast SEO plugin. -->","yoast_head_json":{"title":"Feria Digital Hannover Messe 2021 \u2013 12 al 16 de abril - Electricos Importados","robots":{"index":"index","follow":"follow","max-snippet":"max-snippet:-1","max-image-preview":"max-image-preview:large","max-video-preview":"max-video-preview:-1"},"canonical":"https:\/\/www.eimpsa.com\/web\/feria-digital-hannover-messe-2021-12-al-16-de-abril\/","og_locale":"es_ES","og_type":"article","og_title":"Feria Digital Hannover Messe 2021 \u2013 12 al 16 de abril - Electricos Importados","og_description":"Feria Virtual Hannover Messe 2021 \u2013 12 al 16 de abril Te invitamos a la feria de la mano de nuestros aliados Hannover Messe: la feria La Feria anual de Hannover, se celebra en Alemania desde hace 60 a\u00f1os y es el principal mercado para tecnolog\u00edas de punta, materiales e ideas. La exposici\u00f3n re\u00fane ocho [&hellip;]","og_url":"https:\/\/www.eimpsa.com\/web\/feria-digital-hannover-messe-2021-12-al-16-de-abril\/","og_site_name":"Electricos Importados","article_publisher":"https:\/\/www.facebook.com\/eimpsa\/","article_published_time":"2021-04-09T22:18:04+00:00","article_modified_time":"2021-07-30T13:35:52+00:00","og_image":[{"width":1918,"height":959,"url":"https:\/\/www.eimpsa.com\/web\/wp-content\/uploads\/2021\/04\/hannover-2021-1918x959.png","type":"image\/png"}],"author":"Eduardo Eimpsa","twitter_card":"summary_large_image","twitter_misc":{"Escrito por":"Eduardo Eimpsa","Tiempo de lectura":"1 minuto"},"schema":{"@context":"https:\/\/schema.org","@graph":[{"@type":"Article","@id":"https:\/\/www.eimpsa.com\/web\/feria-digital-hannover-messe-2021-12-al-16-de-abril\/#article","isPartOf":{"@id":"https:\/\/www.eimpsa.com\/web\/feria-digital-hannover-messe-2021-12-al-16-de-abril\/"},"author":{"name":"Eduardo Eimpsa","@id":"https:\/\/www.eimpsa.com\/web\/#\/schema\/person\/d033f5233a145f64573eeb1669f64f32"},"headline":"Feria Digital Hannover Messe 2021 \u2013 12 al 16 de abril","datePublished":"2021-04-09T22:18:04+00:00","dateModified":"2021-07-30T13:35:52+00:00","mainEntityOfPage":{"@id":"https:\/\/www.eimpsa.com\/web\/feria-digital-hannover-messe-2021-12-al-16-de-abril\/"},"wordCount":242,"commentCount":0,"publisher":{"@id":"https:\/\/www.eimpsa.com\/web\/#organization"},"image":{"@id":"https:\/\/www.eimpsa.com\/web\/feria-digital-hannover-messe-2021-12-al-16-de-abril\/#primaryimage"},"thumbnailUrl":"https:\/\/www.eimpsa.com\/web\/wp-content\/uploads\/2021\/04\/hannover-2021-1918x959.png","keywords":["eimpsa","festo","hannover","siemens"],"articleSection":["Noticias"],"inLanguage":"es","potentialAction":[{"@type":"CommentAction","name":"Comment","target":["https:\/\/www.eimpsa.com\/web\/feria-digital-hannover-messe-2021-12-al-16-de-abril\/#respond"]}]},{"@type":"WebPage","@id":"https:\/\/www.eimpsa.com\/web\/feria-digital-hannover-messe-2021-12-al-16-de-abril\/","url":"https:\/\/www.eimpsa.com\/web\/feria-digital-hannover-messe-2021-12-al-16-de-abril\/","name":"Feria Digital Hannover Messe 2021 \u2013 12 al 16 de abril - Electricos Importados","isPartOf":{"@id":"https:\/\/www.eimpsa.com\/web\/#website"},"primaryImageOfPage":{"@id":"https:\/\/www.eimpsa.com\/web\/feria-digital-hannover-messe-2021-12-al-16-de-abril\/#primaryimage"},"image":{"@id":"https:\/\/www.eimpsa.com\/web\/feria-digital-hannover-messe-2021-12-al-16-de-abril\/#primaryimage"},"thumbnailUrl":"https:\/\/www.eimpsa.com\/web\/wp-content\/uploads\/2021\/04\/hannover-2021-1918x959.png","datePublished":"2021-04-09T22:18:04+00:00","dateModified":"2021-07-30T13:35:52+00:00","breadcrumb":{"@id":"https:\/\/www.eimpsa.com\/web\/feria-digital-hannover-messe-2021-12-al-16-de-abril\/#breadcrumb"},"inLanguage":"es","potentialAction":[{"@type":"ReadAction","target":["https:\/\/www.eimpsa.com\/web\/feria-digital-hannover-messe-2021-12-al-16-de-abril\/"]}]},{"@type":"ImageObject","inLanguage":"es","@id":"https:\/\/www.eimpsa.com\/web\/feria-digital-hannover-messe-2021-12-al-16-de-abril\/#primaryimage","url":"https:\/\/www.eimpsa.com\/web\/wp-content\/uploads\/2021\/04\/hannover-2021-1918x959.png","contentUrl":"https:\/\/www.eimpsa.com\/web\/wp-content\/uploads\/2021\/04\/hannover-2021-1918x959.png","width":1918,"height":959,"caption":"hannover-2021"},{"@type":"BreadcrumbList","@id":"https:\/\/www.eimpsa.com\/web\/feria-digital-hannover-messe-2021-12-al-16-de-abril\/#breadcrumb","itemListElement":[{"@type":"ListItem","position":1,"name":"Portada","item":"https:\/\/www.eimpsa.com\/web\/"},{"@type":"ListItem","position":2,"name":"Feria Digital Hannover Messe 2021 \u2013 12 al 16 de abril"}]},{"@type":"WebSite","@id":"https:\/\/www.eimpsa.com\/web\/#website","url":"https:\/\/www.eimpsa.com\/web\/","name":"EIMPSA Electricos Importados","description":"Materiales El\u00e9ctricos","publisher":{"@id":"https:\/\/www.eimpsa.com\/web\/#organization"},"alternateName":"eimpsa","potentialAction":[{"@type":"SearchAction","target":{"@type":"EntryPoint","urlTemplate":"https:\/\/www.eimpsa.com\/web\/?s={search_term_string}"},"query-input":{"@type":"PropertyValueSpecification","valueRequired":true,"valueName":"search_term_string"}}],"inLanguage":"es"},{"@type":"Organization","@id":"https:\/\/www.eimpsa.com\/web\/#organization","name":"EIMPSA El\u00e9ctricos Importados S.A.S","url":"https:\/\/www.eimpsa.com\/web\/","logo":{"@type":"ImageObject","inLanguage":"es","@id":"https:\/\/www.eimpsa.com\/web\/#\/schema\/logo\/image\/","url":"https:\/\/www.eimpsa.com\/web\/wp-content\/uploads\/2023\/10\/EIMPSA-Versiones-RGB_Base.png","contentUrl":"https:\/\/www.eimpsa.com\/web\/wp-content\/uploads\/2023\/10\/EIMPSA-Versiones-RGB_Base.png","width":1471,"height":473,"caption":"EIMPSA El\u00e9ctricos Importados S.A.S"},"image":{"@id":"https:\/\/www.eimpsa.com\/web\/#\/schema\/logo\/image\/"},"sameAs":["https:\/\/www.facebook.com\/eimpsa\/","https:\/\/www.linkedin.com\/company\/el-ctricos-importados-s-a-\/","https:\/\/www.youtube.com\/channel\/UCaCHlQ9m86kFaeAq_dMUOHg?view_as=subscriber","https:\/\/www.instagram.com\/eimpsa_electricos_importados\/"]},{"@type":"Person","@id":"https:\/\/www.eimpsa.com\/web\/#\/schema\/person\/d033f5233a145f64573eeb1669f64f32","name":"Eduardo Eimpsa","image":{"@type":"ImageObject","inLanguage":"es","@id":"https:\/\/secure.gravatar.com\/avatar\/2eed249432c73a50c1791bce7fb2797d27677b3e81d64ca340b757e39ad6c006?s=96&d=mm&r=g","url":"https:\/\/secure.gravatar.com\/avatar\/2eed249432c73a50c1791bce7fb2797d27677b3e81d64ca340b757e39ad6c006?s=96&d=mm&r=g","contentUrl":"https:\/\/secure.gravatar.com\/avatar\/2eed249432c73a50c1791bce7fb2797d27677b3e81d64ca340b757e39ad6c006?s=96&d=mm&r=g","caption":"Eduardo Eimpsa"},"url":"https:\/\/www.eimpsa.com\/web\/author\/eduardo2018\/"}]}},"_links":{"self":[{"href":"https:\/\/www.eimpsa.com\/web\/wp-json\/wp\/v2\/posts\/7457","targetHints":{"allow":["GET"]}}],"collection":[{"href":"https:\/\/www.eimpsa.com\/web\/wp-json\/wp\/v2\/posts"}],"about":[{"href":"https:\/\/www.eimpsa.com\/web\/wp-json\/wp\/v2\/types\/post"}],"author":[{"embeddable":true,"href":"https:\/\/www.eimpsa.com\/web\/wp-json\/wp\/v2\/users\/4"}],"replies":[{"embeddable":true,"href":"https:\/\/www.eimpsa.com\/web\/wp-json\/wp\/v2\/comments?post=7457"}],"version-history":[{"count":6,"href":"https:\/\/www.eimpsa.com\/web\/wp-json\/wp\/v2\/posts\/7457\/revisions"}],"predecessor-version":[{"id":7847,"href":"https:\/\/www.eimpsa.com\/web\/wp-json\/wp\/v2\/posts\/7457\/revisions\/7847"}],"wp:featuredmedia":[{"embeddable":true,"href":"https:\/\/www.eimpsa.com\/web\/wp-json\/wp\/v2\/media\/7479"}],"wp:attachment":[{"href":"https:\/\/www.eimpsa.com\/web\/wp-json\/wp\/v2\/media?parent=7457"}],"wp:term":[{"taxonomy":"category","embeddable":true,"href":"https:\/\/www.eimpsa.com\/web\/wp-json\/wp\/v2\/categories?post=7457"},{"taxonomy":"post_tag","embeddable":true,"href":"https:\/\/www.eimpsa.com\/web\/wp-json\/wp\/v2\/tags?post=7457"}],"curies":[{"name":"wp","href":"https:\/\/api.w.org\/{rel}","templated":true}]}}