{"id":2221,"date":"2018-12-03T07:51:08","date_gmt":"2018-12-03T12:51:08","guid":{"rendered":"https:\/\/www.eimpsa.com\/web\/?p=2221"},"modified":"2019-04-25T16:39:22","modified_gmt":"2019-04-25T21:39:22","slug":"ferias-y-reuniones-industriales-eimpsa","status":"publish","type":"post","link":"https:\/\/www.eimpsa.com\/web\/ferias-y-reuniones-industriales-eimpsa\/","title":{"rendered":"Ferias y reuniones industriales EIMPSA, Compartiendo con nuestros clientes a nivel Nacional"},"content":{"rendered":"<div class=\"mceTemp\"><\/div>\n<h1 style=\"text-align: center;\">Compartiendo con nuestros clientes a nivel Nacional<\/h1>\n<p>En este 2018 en EIMPSA hemos compartido experiencias con nuestros clientes, llevando por diferentes ciudades del pa\u00eds reuniones de capacitaci\u00f3n t\u00e9cnica, en donde especialistas de las mejores marcas presentaron las novedades en soluciones el\u00e9ctricas para la industria mundial aplicadas a las necesidades de la industria colombiana.<\/p>\n<p><img loading=\"lazy\" decoding=\"async\" class=\"alignleft wp-image-2224\" src=\"https:\/\/www.eimpsa.com\/web\/wp-content\/uploads\/2018\/12\/Charla-Panduit.jpg\" alt=\"Ferias Industriales EIMPSA 2018\" width=\"422\" height=\"237\" srcset=\"https:\/\/www.eimpsa.com\/web\/wp-content\/uploads\/2018\/12\/Charla-Panduit.jpg 768w, https:\/\/www.eimpsa.com\/web\/wp-content\/uploads\/2018\/12\/Charla-Panduit-600x338.jpg 600w, https:\/\/www.eimpsa.com\/web\/wp-content\/uploads\/2018\/12\/Charla-Panduit-300x169.jpg 300w, https:\/\/www.eimpsa.com\/web\/wp-content\/uploads\/2018\/12\/Charla-Panduit-64x36.jpg 64w\" sizes=\"auto, (max-width: 422px) 100vw, 422px\" \/>Este acercamiento con nuestros clientes nos ha permitido conocer de primera mano sus necesidades y as\u00ed mismo resolver sus inquietudes para trabajar de la mano, ofreciendo un portafolio de soluciones que se adapta a sus empresas, comprometi\u00e9ndonos en un mutuo esfuerzo para mantener un constante crecimiento en la b\u00fasqueda de sus objetivos.<\/p>\n<p>En el a\u00f1o 2019 EIMPSA seguir\u00e1 llegando a diferentes puntos del territorio nacional, compartiendo nuestra experiencia junto con el respaldo de las mejores marcas del mundo en el sector el\u00e9ctrico, confirmando nuestro compromiso con la industria colombiana y especialmente con nuestros clientes.<\/p>\n<p><img loading=\"lazy\" decoding=\"async\" class=\"wp-image-2223 aligncenter\" src=\"https:\/\/www.eimpsa.com\/web\/wp-content\/uploads\/2018\/12\/IMG-20180816-WA0026-1024x576.jpg\" alt=\"Ferias Industriales EIMPSA 2018\" width=\"519\" height=\"292\" srcset=\"https:\/\/www.eimpsa.com\/web\/wp-content\/uploads\/2018\/12\/IMG-20180816-WA0026-1024x576.jpg 1024w, https:\/\/www.eimpsa.com\/web\/wp-content\/uploads\/2018\/12\/IMG-20180816-WA0026-600x338.jpg 600w, https:\/\/www.eimpsa.com\/web\/wp-content\/uploads\/2018\/12\/IMG-20180816-WA0026-300x169.jpg 300w, https:\/\/www.eimpsa.com\/web\/wp-content\/uploads\/2018\/12\/IMG-20180816-WA0026-768x432.jpg 768w, https:\/\/www.eimpsa.com\/web\/wp-content\/uploads\/2018\/12\/IMG-20180816-WA0026-64x36.jpg 64w, https:\/\/www.eimpsa.com\/web\/wp-content\/uploads\/2018\/12\/IMG-20180816-WA0026.jpg 1152w\" sizes=\"auto, (max-width: 519px) 100vw, 519px\" \/><\/p>\n<h2>Ciudades Visitadas:<\/h2>\n<p>Bogot\u00e1, Barranquilla, Villavicencio, Cartagena, Santa Marta, Duitama \u2013 Boyac\u00e1<\/p>\n<h2>Actividades realizadas:<\/h2>\n<ul>\n<li>Reuni\u00f3n t\u00e9cnica en Villavicencio<\/li>\n<li>Feria Industrial de Cartagena<\/li>\n<li>Feria industrial de Santa Marta<\/li>\n<li>Feria Industrial de Boyac\u00e1<\/li>\n<li>Feria t\u00e9cnica Fedepalma en Cartagena<\/li>\n<li>Reuni\u00f3n t\u00e9cnica de Bogot\u00e1<\/li>\n<\/ul>\n<h2>Nuestros aliados:<\/h2>\n<p>Siemens \u2013 Schneider Electric \u2013 Panduit \u2013 Phoenix Contact \u2013 Sylvania \u2013 Procables &#8211; 3M \u2013 Werma<\/p>\n<p><img loading=\"lazy\" decoding=\"async\" class=\"wp-image-2226 alignleft\" src=\"https:\/\/www.eimpsa.com\/web\/wp-content\/uploads\/2018\/12\/XIX-Congreso-I-Palma-de-aceite-2018-1024x768.jpg\" alt=\"EIMPSA en Fedepalma 2018\" width=\"395\" height=\"296\" srcset=\"https:\/\/www.eimpsa.com\/web\/wp-content\/uploads\/2018\/12\/XIX-Congreso-I-Palma-de-aceite-2018-1024x768.jpg 1024w, https:\/\/www.eimpsa.com\/web\/wp-content\/uploads\/2018\/12\/XIX-Congreso-I-Palma-de-aceite-2018-600x450.jpg 600w, https:\/\/www.eimpsa.com\/web\/wp-content\/uploads\/2018\/12\/XIX-Congreso-I-Palma-de-aceite-2018-300x225.jpg 300w, https:\/\/www.eimpsa.com\/web\/wp-content\/uploads\/2018\/12\/XIX-Congreso-I-Palma-de-aceite-2018-768x576.jpg 768w, https:\/\/www.eimpsa.com\/web\/wp-content\/uploads\/2018\/12\/XIX-Congreso-I-Palma-de-aceite-2018-64x48.jpg 64w, https:\/\/www.eimpsa.com\/web\/wp-content\/uploads\/2018\/12\/XIX-Congreso-I-Palma-de-aceite-2018.jpg 1032w\" sizes=\"auto, (max-width: 395px) 100vw, 395px\" \/><\/p>\n<p><img loading=\"lazy\" decoding=\"async\" class=\"wp-image-2222\" src=\"https:\/\/www.eimpsa.com\/web\/wp-content\/uploads\/2018\/12\/IMG_20180919_104631-1024x768.jpg\" alt=\"Ferias Industriales EIMPSA\" width=\"396\" height=\"297\" srcset=\"https:\/\/www.eimpsa.com\/web\/wp-content\/uploads\/2018\/12\/IMG_20180919_104631-1024x768.jpg 1024w, https:\/\/www.eimpsa.com\/web\/wp-content\/uploads\/2018\/12\/IMG_20180919_104631-600x450.jpg 600w, https:\/\/www.eimpsa.com\/web\/wp-content\/uploads\/2018\/12\/IMG_20180919_104631-300x225.jpg 300w, https:\/\/www.eimpsa.com\/web\/wp-content\/uploads\/2018\/12\/IMG_20180919_104631-768x576.jpg 768w, https:\/\/www.eimpsa.com\/web\/wp-content\/uploads\/2018\/12\/IMG_20180919_104631-64x48.jpg 64w\" sizes=\"auto, (max-width: 396px) 100vw, 396px\" \/><\/p>\n<p>Visits: 17<\/p>","protected":false},"excerpt":{"rendered":"<p>Compartiendo con nuestros clientes a nivel Nacional En este 2018 en EIMPSA hemos compartido experiencias con nuestros clientes, llevando por diferentes ciudades del pa\u00eds reuniones de capacitaci\u00f3n t\u00e9cnica, en donde especialistas de las mejores marcas presentaron las novedades en soluciones el\u00e9ctricas para la industria mundial aplicadas a las necesidades de la industria colombiana. Este acercamiento [&hellip;]<\/p>\n","protected":false},"author":4,"featured_media":2223,"comment_status":"open","ping_status":"open","sticky":false,"template":"","format":"standard","meta":{"footnotes":""},"categories":[125,1],"tags":[],"class_list":["post-2221","post","type-post","status-publish","format-standard","has-post-thumbnail","hentry","category-noticias-eimpsa","category-sin-categoria"],"yoast_head":"<!-- This site is optimized with the Yoast SEO plugin v27.5 - https:\/\/yoast.com\/product\/yoast-seo-wordpress\/ -->\n<title>Ferias-y-reuniones-industriales-eimpsa-compartiendo con nuestros clientes<\/title>\n<meta name=\"description\" content=\"En EIMPSA hemos compartido experiencias con nuestros clientes, en donde especialistas de las mejores marcas presentaron las novedades en soluciones el\u00e9ctricas para la industria mundial aplicadas a las necesidades de la industria colombiana.\" \/>\n<meta name=\"robots\" content=\"index, follow, max-snippet:-1, max-image-preview:large, max-video-preview:-1\" \/>\n<link rel=\"canonical\" href=\"https:\/\/www.eimpsa.com\/web\/ferias-y-reuniones-industriales-eimpsa\/\" \/>\n<meta property=\"og:locale\" content=\"es_ES\" \/>\n<meta property=\"og:type\" content=\"article\" \/>\n<meta property=\"og:title\" content=\"Ferias-y-reuniones-industriales-eimpsa-compartiendo con nuestros clientes\" \/>\n<meta property=\"og:description\" content=\"En EIMPSA hemos compartido experiencias con nuestros clientes, en donde especialistas de las mejores marcas presentaron las novedades en soluciones el\u00e9ctricas para la industria mundial aplicadas a las necesidades de la industria colombiana.\" \/>\n<meta property=\"og:url\" content=\"https:\/\/www.eimpsa.com\/web\/ferias-y-reuniones-industriales-eimpsa\/\" \/>\n<meta property=\"og:site_name\" content=\"Electricos Importados\" \/>\n<meta property=\"article:publisher\" content=\"https:\/\/www.facebook.com\/eimpsa\/\" \/>\n<meta property=\"article:published_time\" content=\"2018-12-03T12:51:08+00:00\" \/>\n<meta property=\"article:modified_time\" content=\"2019-04-25T21:39:22+00:00\" \/>\n<meta property=\"og:image\" content=\"https:\/\/www.eimpsa.com\/web\/wp-content\/uploads\/2018\/12\/IMG-20180816-WA0026.jpg\" \/>\n\t<meta property=\"og:image:width\" content=\"1152\" \/>\n\t<meta property=\"og:image:height\" content=\"648\" \/>\n\t<meta property=\"og:image:type\" content=\"image\/jpeg\" \/>\n<meta name=\"author\" content=\"Eduardo Eimpsa\" \/>\n<meta name=\"twitter:card\" content=\"summary_large_image\" \/>\n<meta name=\"twitter:label1\" content=\"Escrito por\" \/>\n\t<meta name=\"twitter:data1\" content=\"Eduardo Eimpsa\" \/>\n\t<meta name=\"twitter:label2\" content=\"Tiempo de lectura\" \/>\n\t<meta name=\"twitter:data2\" content=\"1 minuto\" \/>\n<script type=\"application\/ld+json\" class=\"yoast-schema-graph\">{\"@context\":\"https:\\\/\\\/schema.org\",\"@graph\":[{\"@type\":\"Article\",\"@id\":\"https:\\\/\\\/www.eimpsa.com\\\/web\\\/ferias-y-reuniones-industriales-eimpsa\\\/#article\",\"isPartOf\":{\"@id\":\"https:\\\/\\\/www.eimpsa.com\\\/web\\\/ferias-y-reuniones-industriales-eimpsa\\\/\"},\"author\":{\"name\":\"Eduardo Eimpsa\",\"@id\":\"https:\\\/\\\/www.eimpsa.com\\\/web\\\/#\\\/schema\\\/person\\\/d033f5233a145f64573eeb1669f64f32\"},\"headline\":\"Ferias y reuniones industriales EIMPSA, Compartiendo con nuestros clientes a nivel Nacional\",\"datePublished\":\"2018-12-03T12:51:08+00:00\",\"dateModified\":\"2019-04-25T21:39:22+00:00\",\"mainEntityOfPage\":{\"@id\":\"https:\\\/\\\/www.eimpsa.com\\\/web\\\/ferias-y-reuniones-industriales-eimpsa\\\/\"},\"wordCount\":221,\"commentCount\":0,\"publisher\":{\"@id\":\"https:\\\/\\\/www.eimpsa.com\\\/web\\\/#organization\"},\"image\":{\"@id\":\"https:\\\/\\\/www.eimpsa.com\\\/web\\\/ferias-y-reuniones-industriales-eimpsa\\\/#primaryimage\"},\"thumbnailUrl\":\"https:\\\/\\\/www.eimpsa.com\\\/web\\\/wp-content\\\/uploads\\\/2018\\\/12\\\/IMG-20180816-WA0026.jpg\",\"articleSection\":[\"Noticias\"],\"inLanguage\":\"es\",\"potentialAction\":[{\"@type\":\"CommentAction\",\"name\":\"Comment\",\"target\":[\"https:\\\/\\\/www.eimpsa.com\\\/web\\\/ferias-y-reuniones-industriales-eimpsa\\\/#respond\"]}]},{\"@type\":\"WebPage\",\"@id\":\"https:\\\/\\\/www.eimpsa.com\\\/web\\\/ferias-y-reuniones-industriales-eimpsa\\\/\",\"url\":\"https:\\\/\\\/www.eimpsa.com\\\/web\\\/ferias-y-reuniones-industriales-eimpsa\\\/\",\"name\":\"Ferias-y-reuniones-industriales-eimpsa-compartiendo con nuestros clientes\",\"isPartOf\":{\"@id\":\"https:\\\/\\\/www.eimpsa.com\\\/web\\\/#website\"},\"primaryImageOfPage\":{\"@id\":\"https:\\\/\\\/www.eimpsa.com\\\/web\\\/ferias-y-reuniones-industriales-eimpsa\\\/#primaryimage\"},\"image\":{\"@id\":\"https:\\\/\\\/www.eimpsa.com\\\/web\\\/ferias-y-reuniones-industriales-eimpsa\\\/#primaryimage\"},\"thumbnailUrl\":\"https:\\\/\\\/www.eimpsa.com\\\/web\\\/wp-content\\\/uploads\\\/2018\\\/12\\\/IMG-20180816-WA0026.jpg\",\"datePublished\":\"2018-12-03T12:51:08+00:00\",\"dateModified\":\"2019-04-25T21:39:22+00:00\",\"description\":\"En EIMPSA hemos compartido experiencias con nuestros clientes, en donde especialistas de las mejores marcas presentaron las novedades en soluciones el\u00e9ctricas para la industria mundial aplicadas a las necesidades de la industria colombiana.\",\"breadcrumb\":{\"@id\":\"https:\\\/\\\/www.eimpsa.com\\\/web\\\/ferias-y-reuniones-industriales-eimpsa\\\/#breadcrumb\"},\"inLanguage\":\"es\",\"potentialAction\":[{\"@type\":\"ReadAction\",\"target\":[\"https:\\\/\\\/www.eimpsa.com\\\/web\\\/ferias-y-reuniones-industriales-eimpsa\\\/\"]}]},{\"@type\":\"ImageObject\",\"inLanguage\":\"es\",\"@id\":\"https:\\\/\\\/www.eimpsa.com\\\/web\\\/ferias-y-reuniones-industriales-eimpsa\\\/#primaryimage\",\"url\":\"https:\\\/\\\/www.eimpsa.com\\\/web\\\/wp-content\\\/uploads\\\/2018\\\/12\\\/IMG-20180816-WA0026.jpg\",\"contentUrl\":\"https:\\\/\\\/www.eimpsa.com\\\/web\\\/wp-content\\\/uploads\\\/2018\\\/12\\\/IMG-20180816-WA0026.jpg\",\"width\":1152,\"height\":648,\"caption\":\"Ferias Industriales EIMPSA\"},{\"@type\":\"BreadcrumbList\",\"@id\":\"https:\\\/\\\/www.eimpsa.com\\\/web\\\/ferias-y-reuniones-industriales-eimpsa\\\/#breadcrumb\",\"itemListElement\":[{\"@type\":\"ListItem\",\"position\":1,\"name\":\"Portada\",\"item\":\"https:\\\/\\\/www.eimpsa.com\\\/web\\\/\"},{\"@type\":\"ListItem\",\"position\":2,\"name\":\"Ferias y reuniones industriales EIMPSA, Compartiendo con nuestros clientes a nivel Nacional\"}]},{\"@type\":\"WebSite\",\"@id\":\"https:\\\/\\\/www.eimpsa.com\\\/web\\\/#website\",\"url\":\"https:\\\/\\\/www.eimpsa.com\\\/web\\\/\",\"name\":\"EIMPSA Electricos Importados\",\"description\":\"Materiales El\u00e9ctricos\",\"publisher\":{\"@id\":\"https:\\\/\\\/www.eimpsa.com\\\/web\\\/#organization\"},\"alternateName\":\"eimpsa\",\"potentialAction\":[{\"@type\":\"SearchAction\",\"target\":{\"@type\":\"EntryPoint\",\"urlTemplate\":\"https:\\\/\\\/www.eimpsa.com\\\/web\\\/?s={search_term_string}\"},\"query-input\":{\"@type\":\"PropertyValueSpecification\",\"valueRequired\":true,\"valueName\":\"search_term_string\"}}],\"inLanguage\":\"es\"},{\"@type\":\"Organization\",\"@id\":\"https:\\\/\\\/www.eimpsa.com\\\/web\\\/#organization\",\"name\":\"EIMPSA El\u00e9ctricos Importados S.A.S\",\"url\":\"https:\\\/\\\/www.eimpsa.com\\\/web\\\/\",\"logo\":{\"@type\":\"ImageObject\",\"inLanguage\":\"es\",\"@id\":\"https:\\\/\\\/www.eimpsa.com\\\/web\\\/#\\\/schema\\\/logo\\\/image\\\/\",\"url\":\"https:\\\/\\\/www.eimpsa.com\\\/web\\\/wp-content\\\/uploads\\\/2023\\\/10\\\/EIMPSA-Versiones-RGB_Base.png\",\"contentUrl\":\"https:\\\/\\\/www.eimpsa.com\\\/web\\\/wp-content\\\/uploads\\\/2023\\\/10\\\/EIMPSA-Versiones-RGB_Base.png\",\"width\":1471,\"height\":473,\"caption\":\"EIMPSA El\u00e9ctricos Importados S.A.S\"},\"image\":{\"@id\":\"https:\\\/\\\/www.eimpsa.com\\\/web\\\/#\\\/schema\\\/logo\\\/image\\\/\"},\"sameAs\":[\"https:\\\/\\\/www.facebook.com\\\/eimpsa\\\/\",\"https:\\\/\\\/www.linkedin.com\\\/company\\\/el-ctricos-importados-s-a-\\\/\",\"https:\\\/\\\/www.youtube.com\\\/channel\\\/UCaCHlQ9m86kFaeAq_dMUOHg?view_as=subscriber\",\"https:\\\/\\\/www.instagram.com\\\/eimpsa_electricos_importados\\\/\"]},{\"@type\":\"Person\",\"@id\":\"https:\\\/\\\/www.eimpsa.com\\\/web\\\/#\\\/schema\\\/person\\\/d033f5233a145f64573eeb1669f64f32\",\"name\":\"Eduardo Eimpsa\",\"image\":{\"@type\":\"ImageObject\",\"inLanguage\":\"es\",\"@id\":\"https:\\\/\\\/secure.gravatar.com\\\/avatar\\\/2eed249432c73a50c1791bce7fb2797d27677b3e81d64ca340b757e39ad6c006?s=96&d=mm&r=g\",\"url\":\"https:\\\/\\\/secure.gravatar.com\\\/avatar\\\/2eed249432c73a50c1791bce7fb2797d27677b3e81d64ca340b757e39ad6c006?s=96&d=mm&r=g\",\"contentUrl\":\"https:\\\/\\\/secure.gravatar.com\\\/avatar\\\/2eed249432c73a50c1791bce7fb2797d27677b3e81d64ca340b757e39ad6c006?s=96&d=mm&r=g\",\"caption\":\"Eduardo Eimpsa\"},\"url\":\"https:\\\/\\\/www.eimpsa.com\\\/web\\\/author\\\/eduardo2018\\\/\"}]}<\/script>\n<!-- \/ Yoast SEO plugin. -->","yoast_head_json":{"title":"Ferias-y-reuniones-industriales-eimpsa-compartiendo con nuestros clientes","description":"En EIMPSA hemos compartido experiencias con nuestros clientes, en donde especialistas de las mejores marcas presentaron las novedades en soluciones el\u00e9ctricas para la industria mundial aplicadas a las necesidades de la industria colombiana.","robots":{"index":"index","follow":"follow","max-snippet":"max-snippet:-1","max-image-preview":"max-image-preview:large","max-video-preview":"max-video-preview:-1"},"canonical":"https:\/\/www.eimpsa.com\/web\/ferias-y-reuniones-industriales-eimpsa\/","og_locale":"es_ES","og_type":"article","og_title":"Ferias-y-reuniones-industriales-eimpsa-compartiendo con nuestros clientes","og_description":"En EIMPSA hemos compartido experiencias con nuestros clientes, en donde especialistas de las mejores marcas presentaron las novedades en soluciones el\u00e9ctricas para la industria mundial aplicadas a las necesidades de la industria colombiana.","og_url":"https:\/\/www.eimpsa.com\/web\/ferias-y-reuniones-industriales-eimpsa\/","og_site_name":"Electricos Importados","article_publisher":"https:\/\/www.facebook.com\/eimpsa\/","article_published_time":"2018-12-03T12:51:08+00:00","article_modified_time":"2019-04-25T21:39:22+00:00","og_image":[{"width":1152,"height":648,"url":"https:\/\/www.eimpsa.com\/web\/wp-content\/uploads\/2018\/12\/IMG-20180816-WA0026.jpg","type":"image\/jpeg"}],"author":"Eduardo Eimpsa","twitter_card":"summary_large_image","twitter_misc":{"Escrito por":"Eduardo Eimpsa","Tiempo de lectura":"1 minuto"},"schema":{"@context":"https:\/\/schema.org","@graph":[{"@type":"Article","@id":"https:\/\/www.eimpsa.com\/web\/ferias-y-reuniones-industriales-eimpsa\/#article","isPartOf":{"@id":"https:\/\/www.eimpsa.com\/web\/ferias-y-reuniones-industriales-eimpsa\/"},"author":{"name":"Eduardo Eimpsa","@id":"https:\/\/www.eimpsa.com\/web\/#\/schema\/person\/d033f5233a145f64573eeb1669f64f32"},"headline":"Ferias y reuniones industriales EIMPSA, Compartiendo con nuestros clientes a nivel Nacional","datePublished":"2018-12-03T12:51:08+00:00","dateModified":"2019-04-25T21:39:22+00:00","mainEntityOfPage":{"@id":"https:\/\/www.eimpsa.com\/web\/ferias-y-reuniones-industriales-eimpsa\/"},"wordCount":221,"commentCount":0,"publisher":{"@id":"https:\/\/www.eimpsa.com\/web\/#organization"},"image":{"@id":"https:\/\/www.eimpsa.com\/web\/ferias-y-reuniones-industriales-eimpsa\/#primaryimage"},"thumbnailUrl":"https:\/\/www.eimpsa.com\/web\/wp-content\/uploads\/2018\/12\/IMG-20180816-WA0026.jpg","articleSection":["Noticias"],"inLanguage":"es","potentialAction":[{"@type":"CommentAction","name":"Comment","target":["https:\/\/www.eimpsa.com\/web\/ferias-y-reuniones-industriales-eimpsa\/#respond"]}]},{"@type":"WebPage","@id":"https:\/\/www.eimpsa.com\/web\/ferias-y-reuniones-industriales-eimpsa\/","url":"https:\/\/www.eimpsa.com\/web\/ferias-y-reuniones-industriales-eimpsa\/","name":"Ferias-y-reuniones-industriales-eimpsa-compartiendo con nuestros clientes","isPartOf":{"@id":"https:\/\/www.eimpsa.com\/web\/#website"},"primaryImageOfPage":{"@id":"https:\/\/www.eimpsa.com\/web\/ferias-y-reuniones-industriales-eimpsa\/#primaryimage"},"image":{"@id":"https:\/\/www.eimpsa.com\/web\/ferias-y-reuniones-industriales-eimpsa\/#primaryimage"},"thumbnailUrl":"https:\/\/www.eimpsa.com\/web\/wp-content\/uploads\/2018\/12\/IMG-20180816-WA0026.jpg","datePublished":"2018-12-03T12:51:08+00:00","dateModified":"2019-04-25T21:39:22+00:00","description":"En EIMPSA hemos compartido experiencias con nuestros clientes, en donde especialistas de las mejores marcas presentaron las novedades en soluciones el\u00e9ctricas para la industria mundial aplicadas a las necesidades de la industria colombiana.","breadcrumb":{"@id":"https:\/\/www.eimpsa.com\/web\/ferias-y-reuniones-industriales-eimpsa\/#breadcrumb"},"inLanguage":"es","potentialAction":[{"@type":"ReadAction","target":["https:\/\/www.eimpsa.com\/web\/ferias-y-reuniones-industriales-eimpsa\/"]}]},{"@type":"ImageObject","inLanguage":"es","@id":"https:\/\/www.eimpsa.com\/web\/ferias-y-reuniones-industriales-eimpsa\/#primaryimage","url":"https:\/\/www.eimpsa.com\/web\/wp-content\/uploads\/2018\/12\/IMG-20180816-WA0026.jpg","contentUrl":"https:\/\/www.eimpsa.com\/web\/wp-content\/uploads\/2018\/12\/IMG-20180816-WA0026.jpg","width":1152,"height":648,"caption":"Ferias Industriales EIMPSA"},{"@type":"BreadcrumbList","@id":"https:\/\/www.eimpsa.com\/web\/ferias-y-reuniones-industriales-eimpsa\/#breadcrumb","itemListElement":[{"@type":"ListItem","position":1,"name":"Portada","item":"https:\/\/www.eimpsa.com\/web\/"},{"@type":"ListItem","position":2,"name":"Ferias y reuniones industriales EIMPSA, Compartiendo con nuestros clientes a nivel Nacional"}]},{"@type":"WebSite","@id":"https:\/\/www.eimpsa.com\/web\/#website","url":"https:\/\/www.eimpsa.com\/web\/","name":"EIMPSA Electricos Importados","description":"Materiales El\u00e9ctricos","publisher":{"@id":"https:\/\/www.eimpsa.com\/web\/#organization"},"alternateName":"eimpsa","potentialAction":[{"@type":"SearchAction","target":{"@type":"EntryPoint","urlTemplate":"https:\/\/www.eimpsa.com\/web\/?s={search_term_string}"},"query-input":{"@type":"PropertyValueSpecification","valueRequired":true,"valueName":"search_term_string"}}],"inLanguage":"es"},{"@type":"Organization","@id":"https:\/\/www.eimpsa.com\/web\/#organization","name":"EIMPSA El\u00e9ctricos Importados S.A.S","url":"https:\/\/www.eimpsa.com\/web\/","logo":{"@type":"ImageObject","inLanguage":"es","@id":"https:\/\/www.eimpsa.com\/web\/#\/schema\/logo\/image\/","url":"https:\/\/www.eimpsa.com\/web\/wp-content\/uploads\/2023\/10\/EIMPSA-Versiones-RGB_Base.png","contentUrl":"https:\/\/www.eimpsa.com\/web\/wp-content\/uploads\/2023\/10\/EIMPSA-Versiones-RGB_Base.png","width":1471,"height":473,"caption":"EIMPSA El\u00e9ctricos Importados S.A.S"},"image":{"@id":"https:\/\/www.eimpsa.com\/web\/#\/schema\/logo\/image\/"},"sameAs":["https:\/\/www.facebook.com\/eimpsa\/","https:\/\/www.linkedin.com\/company\/el-ctricos-importados-s-a-\/","https:\/\/www.youtube.com\/channel\/UCaCHlQ9m86kFaeAq_dMUOHg?view_as=subscriber","https:\/\/www.instagram.com\/eimpsa_electricos_importados\/"]},{"@type":"Person","@id":"https:\/\/www.eimpsa.com\/web\/#\/schema\/person\/d033f5233a145f64573eeb1669f64f32","name":"Eduardo Eimpsa","image":{"@type":"ImageObject","inLanguage":"es","@id":"https:\/\/secure.gravatar.com\/avatar\/2eed249432c73a50c1791bce7fb2797d27677b3e81d64ca340b757e39ad6c006?s=96&d=mm&r=g","url":"https:\/\/secure.gravatar.com\/avatar\/2eed249432c73a50c1791bce7fb2797d27677b3e81d64ca340b757e39ad6c006?s=96&d=mm&r=g","contentUrl":"https:\/\/secure.gravatar.com\/avatar\/2eed249432c73a50c1791bce7fb2797d27677b3e81d64ca340b757e39ad6c006?s=96&d=mm&r=g","caption":"Eduardo Eimpsa"},"url":"https:\/\/www.eimpsa.com\/web\/author\/eduardo2018\/"}]}},"_links":{"self":[{"href":"https:\/\/www.eimpsa.com\/web\/wp-json\/wp\/v2\/posts\/2221","targetHints":{"allow":["GET"]}}],"collection":[{"href":"https:\/\/www.eimpsa.com\/web\/wp-json\/wp\/v2\/posts"}],"about":[{"href":"https:\/\/www.eimpsa.com\/web\/wp-json\/wp\/v2\/types\/post"}],"author":[{"embeddable":true,"href":"https:\/\/www.eimpsa.com\/web\/wp-json\/wp\/v2\/users\/4"}],"replies":[{"embeddable":true,"href":"https:\/\/www.eimpsa.com\/web\/wp-json\/wp\/v2\/comments?post=2221"}],"version-history":[{"count":11,"href":"https:\/\/www.eimpsa.com\/web\/wp-json\/wp\/v2\/posts\/2221\/revisions"}],"predecessor-version":[{"id":2589,"href":"https:\/\/www.eimpsa.com\/web\/wp-json\/wp\/v2\/posts\/2221\/revisions\/2589"}],"wp:featuredmedia":[{"embeddable":true,"href":"https:\/\/www.eimpsa.com\/web\/wp-json\/wp\/v2\/media\/2223"}],"wp:attachment":[{"href":"https:\/\/www.eimpsa.com\/web\/wp-json\/wp\/v2\/media?parent=2221"}],"wp:term":[{"taxonomy":"category","embeddable":true,"href":"https:\/\/www.eimpsa.com\/web\/wp-json\/wp\/v2\/categories?post=2221"},{"taxonomy":"post_tag","embeddable":true,"href":"https:\/\/www.eimpsa.com\/web\/wp-json\/wp\/v2\/tags?post=2221"}],"curies":[{"name":"wp","href":"https:\/\/api.w.org\/{rel}","templated":true}]}}